{"id":269027,"date":"2026-09-05T09:37:08","date_gmt":"2026-09-05T09:37:08","guid":{"rendered":"https:\/\/www.europesays.com\/ee\/269027\/"},"modified":"2026-09-05T09:37:08","modified_gmt":"2026-09-05T09:37:08","slug":"rootsi-valijale-lubatakse-rohkem-raha-katte-arve-voib-tulla-parast-valimisi","status":"publish","type":"post","link":"https:\/\/www.europesays.com\/ee\/269027\/","title":{"rendered":"Rootsi valijale lubatakse rohkem raha k\u00e4tte. Arve v\u00f5ib tulla p\u00e4rast valimisi"},"content":{"rendered":"<p>Rootsi tarbimine ja majandus kasvavad j\u00f5udsalt, kuid valimisk\u00f5nesid kuulates seda ei arvaks.<\/p>\n<p><a href=\"#paywall\">Tellijana<\/a> saad artiklit lugedes teada:<\/p>\n<ul>\n<li>miks peab Nordea pea\u00f6konomist Annika Winsth Rootsi valimiste eel lubatud lisaraha majandusele ohtlikuks;<\/li>\n<li>kuidas v\u00f5ivad ajutised maksuk\u00e4rped p\u00e4rast valimisi m\u00f5jutada inflatsiooni, intresse ja riigi rahandust;<\/li>\n<li>milline arve v\u00f5ib valijatele tulla siis, kui leibkondade toetamine j\u00e4tkub ka p\u00e4rast majanduse taastumist.<\/li>\n<\/ul>\n","protected":false},"excerpt":{"rendered":"Rootsi tarbimine ja majandus kasvavad j\u00f5udsalt, kuid valimisk\u00f5nesid kuulates seda ei arvaks. Tellijana saad artiklit lugedes teada: miks&hellip;\n","protected":false},"author":2,"featured_media":269028,"comment_status":"","ping_status":"","sticky":false,"template":"","format":"standard","meta":{"footnotes":"","_share_on_mastodon":"0"},"categories":[12],"tags":[26,27,37,33,35,34,36,31,32,21,28,29,19,25,23,24,22,20,30],"class_list":["post-269027","post","type-post","status-publish","format-standard","has-post-thumbnail","category-eesti","tag-breaking-news","tag-breakingnews","tag-ee","tag-eesti","tag-eesti-keel","tag-estonia","tag-estonian","tag-featured-news","tag-featurednews","tag-headlines","tag-latest-news","tag-latestnews","tag-news","tag-populaarseimad-lood","tag-top-stories","tag-topstories","tag-uldised-uudised","tag-uudised","tag-viimased-uudised"],"share_on_mastodon":{"url":"https:\/\/pubeurope.com\/@ee\/117217764725658035","error":""},"_links":{"self":[{"href":"https:\/\/www.europesays.com\/ee\/wp-json\/wp\/v2\/posts\/269027","targetHints":{"allow":["GET"]}}],"collection":[{"href":"https:\/\/www.europesays.com\/ee\/wp-json\/wp\/v2\/posts"}],"about":[{"href":"https:\/\/www.europesays.com\/ee\/wp-json\/wp\/v2\/types\/post"}],"author":[{"embeddable":true,"href":"https:\/\/www.europesays.com\/ee\/wp-json\/wp\/v2\/users\/2"}],"replies":[{"embeddable":true,"href":"https:\/\/www.europesays.com\/ee\/wp-json\/wp\/v2\/comments?post=269027"}],"version-history":[{"count":0,"href":"https:\/\/www.europesays.com\/ee\/wp-json\/wp\/v2\/posts\/269027\/revisions"}],"wp:featuredmedia":[{"embeddable":true,"href":"https:\/\/www.europesays.com\/ee\/wp-json\/wp\/v2\/media\/269028"}],"wp:attachment":[{"href":"https:\/\/www.europesays.com\/ee\/wp-json\/wp\/v2\/media?parent=269027"}],"wp:term":[{"taxonomy":"category","embeddable":true,"href":"https:\/\/www.europesays.com\/ee\/wp-json\/wp\/v2\/categories?post=269027"},{"taxonomy":"post_tag","embeddable":true,"href":"https:\/\/www.europesays.com\/ee\/wp-json\/wp\/v2\/tags?post=269027"}],"curies":[{"name":"wp","href":"https:\/\/api.w.org\/{rel}","templated":true}]}}