{"id":269029,"date":"2026-09-05T09:38:28","date_gmt":"2026-09-05T09:38:28","guid":{"rendered":"https:\/\/www.europesays.com\/ee\/269029\/"},"modified":"2026-09-05T09:38:28","modified_gmt":"2026-09-05T09:38:28","slug":"eesti-post-pandi-52-miljoni-euroga-enampakkumisele","status":"publish","type":"post","link":"https:\/\/www.europesays.com\/ee\/269029\/","title":{"rendered":"Eesti Post pandi 52 miljoni euroga enampakkumisele"},"content":{"rendered":"<p>T\u00e4na, 4. septembril, kuulutati v\u00e4lja Omniva kaubam\u00e4rgi all tegutseva AS Eesti Post aktsiate v\u00f5\u00f5randamise avalik kirjalik enampakkumine. Pakkumiste esitamise t\u00e4htaeg on 27. november.\u00a0Enampakkumise k\u00e4igus m\u00fc\u00fcakse 100 protsenti Eesti Posti aktsiatest, alghind on kokku 52 miljonit eurot.<\/p>\n<p><a href=\"#paywall\">Tellijana<\/a> saad artiklit lugedes teada:<\/p>\n<ul>\n<li>miks otsustas riik Omniva ehk Eesti Posti just n\u00fc\u00fcd 52 miljoni euroga m\u00fc\u00fcki panna;<\/li>\n<li>kuidas p\u00f5hjendas minister Hendrik Johannes Terras omanikuvahetust ja mida see t\u00e4hendab riigi rollile postiturul;<\/li>\n<li>millised teenused peavad olema inimestele tagatud ka p\u00e4rast seda, kui ettev\u00f5te saab uue omaniku.<\/li>\n<\/ul>\n","protected":false},"excerpt":{"rendered":"T\u00e4na, 4. septembril, kuulutati v\u00e4lja Omniva kaubam\u00e4rgi all tegutseva AS Eesti Post aktsiate v\u00f5\u00f5randamise avalik kirjalik enampakkumine. Pakkumiste&hellip;\n","protected":false},"author":2,"featured_media":269030,"comment_status":"","ping_status":"","sticky":false,"template":"","format":"standard","meta":{"footnotes":"","_share_on_mastodon":"0"},"categories":[5],"tags":[26,27,37,33,35,34,36,31,32,21,28,29,19,25,23,24,22,20,30],"class_list":["post-269029","post","type-post","status-publish","format-standard","has-post-thumbnail","category-uldised-uudised","tag-breaking-news","tag-breakingnews","tag-ee","tag-eesti","tag-eesti-keel","tag-estonia","tag-estonian","tag-featured-news","tag-featurednews","tag-headlines","tag-latest-news","tag-latestnews","tag-news","tag-populaarseimad-lood","tag-top-stories","tag-topstories","tag-uldised-uudised","tag-uudised","tag-viimased-uudised"],"share_on_mastodon":{"url":"https:\/\/pubeurope.com\/@ee\/117217768598078283","error":""},"_links":{"self":[{"href":"https:\/\/www.europesays.com\/ee\/wp-json\/wp\/v2\/posts\/269029","targetHints":{"allow":["GET"]}}],"collection":[{"href":"https:\/\/www.europesays.com\/ee\/wp-json\/wp\/v2\/posts"}],"about":[{"href":"https:\/\/www.europesays.com\/ee\/wp-json\/wp\/v2\/types\/post"}],"author":[{"embeddable":true,"href":"https:\/\/www.europesays.com\/ee\/wp-json\/wp\/v2\/users\/2"}],"replies":[{"embeddable":true,"href":"https:\/\/www.europesays.com\/ee\/wp-json\/wp\/v2\/comments?post=269029"}],"version-history":[{"count":0,"href":"https:\/\/www.europesays.com\/ee\/wp-json\/wp\/v2\/posts\/269029\/revisions"}],"wp:featuredmedia":[{"embeddable":true,"href":"https:\/\/www.europesays.com\/ee\/wp-json\/wp\/v2\/media\/269030"}],"wp:attachment":[{"href":"https:\/\/www.europesays.com\/ee\/wp-json\/wp\/v2\/media?parent=269029"}],"wp:term":[{"taxonomy":"category","embeddable":true,"href":"https:\/\/www.europesays.com\/ee\/wp-json\/wp\/v2\/categories?post=269029"},{"taxonomy":"post_tag","embeddable":true,"href":"https:\/\/www.europesays.com\/ee\/wp-json\/wp\/v2\/tags?post=269029"}],"curies":[{"name":"wp","href":"https:\/\/api.w.org\/{rel}","templated":true}]}}