{"id":269031,"date":"2026-09-05T09:44:09","date_gmt":"2026-09-05T09:44:09","guid":{"rendered":"https:\/\/www.europesays.com\/ee\/269031\/"},"modified":"2026-09-05T09:44:09","modified_gmt":"2026-09-05T09:44:09","slug":"politsei-tuvastas-mitmes-varguses-ja-lohkumises-kahtlustatavad-noorukid-minuaeg","status":"publish","type":"post","link":"https:\/\/www.europesays.com\/ee\/269031\/","title":{"rendered":"Politsei tuvastas mitmes varguses ja l\u00f5hkumises kahtlustatavad noorukid \u2013 MinuAeg"},"content":{"rendered":"<p class=\"wp-block-paragraph\">Politseinikud pidasid sel n\u00e4dalal kinni 16-aastase ning tuvastasid 13-aastase noormehe, kes on viimaste n\u00e4dalate jooksul murdnud Tallinnas sisse mitmetesse kauplustesse ja toitlustusasutustesse, l\u00f5hkunud vara ning varastanud raha ja v\u00e4\u00e4rtuslikke esemeid.<\/p>\n<p class=\"wp-block-paragraph\">L\u00e4\u00e4ne-Harju politseijaoskonna juhi Lea B\u00e4rensoni s\u00f5nul tegutsesid noored aktiivselt alates augusti l\u00f5pust eesk\u00e4tt P\u00f5hja-Tallinna ja Kesklinna piirkonnas. \u201eSeni kogutud info j\u00e4rgi murdsid noorukid sisse peamiselt kauplustesse ja restoranidesse, l\u00f5hkudes nende uksi ja aknaid. Noorte saagiks langes k\u00f5ik, mida oli kerge kaasa haarata, n\u00e4iteks sularaha ja v\u00e4ikeelektroonika, aga varastati ka elektrit\u00f5ukerattaid. Lisaks l\u00f5hkusid noored P\u00f5hja-Tallinna piirkonnas mitmete s\u00f5idukite aknaid.\u201c<\/p>\n<p class=\"wp-block-paragraph\">Politsei asus noorukeid otsima kohe p\u00e4rast seda, kui esimesest vargusest teada anti. \u201eKogusime s\u00fcndmuskohtadelt t\u00f5endeid, suhtlesime kannatanute ja pealtn\u00e4gijatega ning vaatasime l\u00e4bi valvekaamerasalvestusi, et noored v\u00f5imalikult kiiresti tuvastada ja rikkumised peatada. Lisaks hoidsid politseinikud kirjeldatud piirkondadel teravamalt silma peal, et poisse leida.\u201c<\/p>\n<p class=\"wp-block-paragraph\">Politseinikud anal\u00fc\u00fcsisid seniseid juhtumeid ning noorte v\u00f5imalikke liikumismarsruute, mille tulemusel j\u00f5uti esialgu kahe poisini. \u201e1. septembril tuvastasid\u00a0politseinikud P\u00f5hja-Tallinnas \u00fcheskoos liigelnud noormehed ning pidasid kinni 16-aastase poisi. Politseinikke n\u00e4hes jooksis temaga koos olnud 13-aastane poiss minema ning tema otsimiseks kasutati drooni. Veidi aja p\u00e4rast leidsid politseinikud ta l\u00e4hedal asuvalt ehitusobjektilt.\u201c<\/p>\n<p class=\"wp-block-paragraph\">\u201eSeni kogutud info kohaselt on poisid seotud umbes 10 vargusepisoodiga ning mitmete l\u00f5hkumistega. Oleme tuvastanud, et seltskonnas oli kokku viis noort ning uurime, milline oli neist iga\u00fche roll rikkumistes,\u201c lisab B\u00e4renson. Seda kui mitme juhtumiga on noored veel seotud ning milline on tekitatud varaline kahju selgub menetluses.<\/p>\n<p class=\"wp-block-paragraph\">\u201eSelliste juhtumite puhul on \u00e4\u00e4rmiselt oluline, et politsei saaks juhtunust teada esimesel v\u00f5imalusel ning meile edastataks ka olemasolevad kaamerasalvestised ja muud vajalikud t\u00f5endid. Mida kiiremini j\u00f5uab teave politseini, seda kiiremini saame sekkuda. \u00a0Samuti tuleks politseile m\u00e4rku anda siis, kui m\u00e4rkate t\u00e4navapildis midagi kahtlast v\u00f5i ebatavalist, n\u00e4iteks hilisel ajal ringi uitavaid noori, kes \u00fcritavad hoonetesse v\u00f5i v\u00f5\u00f5rastele territooriumitele p\u00e4\u00e4seda.\u201c<\/p>\n<p class=\"wp-block-paragraph\">K\u00e4esoleval hetkel tuvastatud noormeestel on olnud varasemaid kokkupuuteid politseiga. \u201eAlaealiste poolt toime pandud s\u00fc\u00fctegude lahendamisel p\u00fc\u00fcame leida just konkreetset last m\u00f5jutavaid meetmeid, mis aitaks neil enda k\u00e4itumist muuta ja m\u00f5ista nende tegude tagaj\u00e4rgi. Kui tegemist on alaealisega, kelle heaolu on ohustatud v\u00f5i kelle k\u00e4itumine ohustab tema enda v\u00f5i teiste heaolu, teavitame lapse heaolu spetsialisti abivajavast lapsest. Lapse heaolu spetsialistid selgitavad v\u00e4lja lapse ja pere abivajaduse ning saavad pakkuda perele vajalikku tuge ja meetmeid,\u201c selgitab jaoskonnajuht.<\/p>\n<p class=\"wp-block-paragraph\">Paraku on juhtumeid, mil ei piisa varasemast ega ka korduvatest sekkumistest, s\u00fc\u00fctegude toimepanemine v\u00f5i ennast ja\/v\u00f5i teisi ohustav k\u00e4itumine j\u00e4tkub ning tuleb rakendada muid m\u00f5justusvahendeid. Antud juhtumis on kohtult taotletud 13-aastase poisi suunamist kinnise lasteasutuse teenusele (KLAT), kuid otsust selle kohta veel ei ole. Prokuratuur taotles 16-aastase noormehe vahistamist, millega kohus ei n\u00f5ustunud.<\/p>\n<p class=\"wp-block-paragraph\">B\u00e4rensoni s\u00f5nul on alaealiste puhul kinnisesse asutusse suunamine viimane abin\u00f5u. \u201eMeie eesm\u00e4rk on, et laps saaks vajalikku tuge, et end halvast ringist v\u00e4lja murda ja tulevikus toime tulla. Kahjuks aga m\u00f5ne lapse k\u00e4itumise muutmine vajab tugevamalt kontrollitud keskkonda. Noorte kinnipidamisega meie t\u00f6\u00f6 ei l\u00f5ppe, vaid tegeleme nendega edasi, suhtleme lapsevanemate ja koost\u00f6\u00f6partneritega, et leida lahendusi, mis aitaksid edasisi \u00f5igusrikkumisi \u00e4ra hoida. Eksiteele l\u00e4inud noore aitamisel on vaja temaga s\u00fcsteemselt tegeleda ning see eeldab tihedat koost\u00f6\u00f6d pere, kohaliku omavalitsuse, kooli ja teiste erialaspetsialistide vahel. K\u00f5ige olulisem on varakult sekkuda ning noor \u00f5igele teele suunata.\u201c<\/p>\n<p>\n\tRelated\n<\/p>\n<p>\t\tPost navigation<\/p>\n","protected":false},"excerpt":{"rendered":"Politseinikud pidasid sel n\u00e4dalal kinni 16-aastase ning tuvastasid 13-aastase noormehe, kes on viimaste n\u00e4dalate jooksul murdnud Tallinnas sisse&hellip;\n","protected":false},"author":2,"featured_media":269032,"comment_status":"","ping_status":"","sticky":false,"template":"","format":"standard","meta":{"footnotes":"","_share_on_mastodon":"0"},"categories":[16],"tags":[37,33,35,173,34,36,140],"class_list":["post-269031","post","type-post","status-publish","format-standard","has-post-thumbnail","category-meelelahutus","tag-ee","tag-eesti","tag-eesti-keel","tag-entertainment","tag-estonia","tag-estonian","tag-meelelahutus"],"share_on_mastodon":{"url":"https:\/\/pubeurope.com\/@ee\/117217792236383038","error":""},"_links":{"self":[{"href":"https:\/\/www.europesays.com\/ee\/wp-json\/wp\/v2\/posts\/269031","targetHints":{"allow":["GET"]}}],"collection":[{"href":"https:\/\/www.europesays.com\/ee\/wp-json\/wp\/v2\/posts"}],"about":[{"href":"https:\/\/www.europesays.com\/ee\/wp-json\/wp\/v2\/types\/post"}],"author":[{"embeddable":true,"href":"https:\/\/www.europesays.com\/ee\/wp-json\/wp\/v2\/users\/2"}],"replies":[{"embeddable":true,"href":"https:\/\/www.europesays.com\/ee\/wp-json\/wp\/v2\/comments?post=269031"}],"version-history":[{"count":0,"href":"https:\/\/www.europesays.com\/ee\/wp-json\/wp\/v2\/posts\/269031\/revisions"}],"wp:featuredmedia":[{"embeddable":true,"href":"https:\/\/www.europesays.com\/ee\/wp-json\/wp\/v2\/media\/269032"}],"wp:attachment":[{"href":"https:\/\/www.europesays.com\/ee\/wp-json\/wp\/v2\/media?parent=269031"}],"wp:term":[{"taxonomy":"category","embeddable":true,"href":"https:\/\/www.europesays.com\/ee\/wp-json\/wp\/v2\/categories?post=269031"},{"taxonomy":"post_tag","embeddable":true,"href":"https:\/\/www.europesays.com\/ee\/wp-json\/wp\/v2\/tags?post=269031"}],"curies":[{"name":"wp","href":"https:\/\/api.w.org\/{rel}","templated":true}]}}