{"id":269033,"date":"2026-09-05T09:45:14","date_gmt":"2026-09-05T09:45:14","guid":{"rendered":"https:\/\/www.europesays.com\/ee\/269033\/"},"modified":"2026-09-05T09:45:14","modified_gmt":"2026-09-05T09:45:14","slug":"helgi-kuusk-voitis-maailmameistrivoistlustel-hobeda","status":"publish","type":"post","link":"https:\/\/www.europesays.com\/ee\/269033\/","title":{"rendered":"Helgi Kuusk v\u00f5itis maailmameistriv\u00f5istlustel h\u00f5beda"},"content":{"rendered":"<p class=\"MsoNormal\">Sellega sai seitsmev\u00f5istluse esimene ja \u00fchtlasi k\u00f5ige ekstreemsem p\u00e4ev l\u00e4bi. Teisel p\u00e4eval ootasid ees kaugush\u00fcpe, odavise ja 800 meetri jooks.<\/p>\n<p>Kaugush\u00fcpe: sisehallist m\u00e4rja liiva sisse ja isikliku rekordi juurde<\/p>\n<p class=\"MsoNormal\">Ka teine v\u00f5istlusp\u00e4ev tervitas sportlasi vihmasajuga. Helgi jaoks oli olukord uus, sest seni oli ta kaugush\u00fcpet harjutanud \u00fcksnes sisehallis ja kuiva liivaga. M\u00e4rga liivakasti h\u00fcppamine ei ole \u00fchelegi kergej\u00f5ustiklasele mugav v\u00e4ljakutse, kuid Helgi pani sisu maksma.<\/p>\n<p class=\"MsoNormal\">Suure \u00fcllatusena tuli kohe esimene katse suurep\u00e4raselt v\u00e4lja \u2013 Helgi lendas 1,08 meetri kaugusele, tehes tulemuse, milleni ta polnud kordagi j\u00f5udnud isegi treeningutel. Kuigi veteranide punktitabel selgi korral punktilisa ei kinkinud, t\u00f5i see v\u00f5imas \u00f5nnestumine ja j\u00e4rjekordne isiklik rekord v\u00f5istlusp\u00e4eva algusesse tohutult emotsionaalset r\u00f5\u00f5mu.<\/p>\n<p>Odavise: keerulised tingimused ja p\u00e4\u00e4stev teine katse<\/p>\n<p class=\"MsoNormal\">Vihmasajus j\u00e4tkunud seitsmev\u00f5istluse eelviimaseks alaks oli odavise \u2013 ala, mida Helgi peab oma v\u00f5istluse ainsaks eba\u00f5nnestumiseks. Kuna sisehallis oda visata ei saa ja staadionil oli inventariruum sageli lukus, j\u00e4id odatreeningud enne MM-i k\u00f5ige edutumaks. Ka harvadel trennidel lendas oda vaid vahel, kuid enamasti mitte soovitud kergusega. Helgi nendib ise, et see on ala, mis vajab tulevikus veel k\u00f5vasti harjutamist.<\/p>\n<p class=\"MsoNormal\">V\u00f5istlusareenil pani napp kogemus n\u00e4rvid proovile. Esimesel katsel maandus oda saba peale ja tulemust kirja ei tulnud. See t\u00f5i sisse \u00e4revuse, kuid teisel katsel suutes Helgi end kokku v\u00f5tta ja oda otsaga kindlalt mulla sisse saada \u2013 tulemuseks m\u00e4rgiti 4,46 meetrit. Kuigi meetreid oli oodatust v\u00e4hem, t\u00f5i see tabelisse \u00fcliolulised punktid. Kolmandal katsel l\u00e4ks Helgi k\u00fcll tulemust parandama, kuid oda maandus taas tagumisele otsale. Kas see aga rikkus Helgi tuju? Sugugi mitte \u2013 ta oli siiralt \u00f5nnelik, et suutis kriitilisel hetkel tulemuse p\u00e4\u00e4sta ja punktid kirja saada.<\/p>\n","protected":false},"excerpt":{"rendered":"Sellega sai seitsmev\u00f5istluse esimene ja \u00fchtlasi k\u00f5ige ekstreemsem p\u00e4ev l\u00e4bi. Teisel p\u00e4eval ootasid ees kaugush\u00fcpe, odavise ja 800&hellip;\n","protected":false},"author":2,"featured_media":269034,"comment_status":"","ping_status":"","sticky":false,"template":"","format":"standard","meta":{"footnotes":"","_share_on_mastodon":"0"},"categories":[18],"tags":[104040,104039,37,33,35,5258,34,36,104036,21768,3605,8597,1231,104038,948,4472,159,158,4455,104037],"class_list":["post-269033","post","type-post","status-publish","format-standard","has-post-thumbnail","category-sport","tag-800-meetri-jooks","tag-daegu","tag-ee","tag-eesti","tag-eesti-keel","tag-eesti-rekord","tag-estonia","tag-estonian","tag-helgi-kuusk","tag-hobemedal","tag-louna-korea","tag-maailmameistrivoistlused","tag-mitmevoistlus","tag-n75-vanuseklass","tag-saaremaa","tag-seitsmevoistlus","tag-sport","tag-sports","tag-vahkkasvaja","tag-veteranide-kergejoustik"],"share_on_mastodon":{"url":"https:\/\/pubeurope.com\/@ee\/117217795862039396","error":""},"_links":{"self":[{"href":"https:\/\/www.europesays.com\/ee\/wp-json\/wp\/v2\/posts\/269033","targetHints":{"allow":["GET"]}}],"collection":[{"href":"https:\/\/www.europesays.com\/ee\/wp-json\/wp\/v2\/posts"}],"about":[{"href":"https:\/\/www.europesays.com\/ee\/wp-json\/wp\/v2\/types\/post"}],"author":[{"embeddable":true,"href":"https:\/\/www.europesays.com\/ee\/wp-json\/wp\/v2\/users\/2"}],"replies":[{"embeddable":true,"href":"https:\/\/www.europesays.com\/ee\/wp-json\/wp\/v2\/comments?post=269033"}],"version-history":[{"count":0,"href":"https:\/\/www.europesays.com\/ee\/wp-json\/wp\/v2\/posts\/269033\/revisions"}],"wp:featuredmedia":[{"embeddable":true,"href":"https:\/\/www.europesays.com\/ee\/wp-json\/wp\/v2\/media\/269034"}],"wp:attachment":[{"href":"https:\/\/www.europesays.com\/ee\/wp-json\/wp\/v2\/media?parent=269033"}],"wp:term":[{"taxonomy":"category","embeddable":true,"href":"https:\/\/www.europesays.com\/ee\/wp-json\/wp\/v2\/categories?post=269033"},{"taxonomy":"post_tag","embeddable":true,"href":"https:\/\/www.europesays.com\/ee\/wp-json\/wp\/v2\/tags?post=269033"}],"curies":[{"name":"wp","href":"https:\/\/api.w.org\/{rel}","templated":true}]}}