{"id":269035,"date":"2026-09-05T09:48:12","date_gmt":"2026-09-05T09:48:12","guid":{"rendered":"https:\/\/www.europesays.com\/ee\/269035\/"},"modified":"2026-09-05T09:48:12","modified_gmt":"2026-09-05T09:48:12","slug":"elav-laip-%e2%9f%a9-narvalanna-tunnistati-ekslikult-surnuks-nuud-ei-saa-ta-pensioni-ega-arsti-juurde-2","status":"publish","type":"post","link":"https:\/\/www.europesays.com\/ee\/269035\/","title":{"rendered":"ELAV LAIP \u27e9 Narvalanna tunnistati ekslikult surnuks. N\u00fc\u00fcd ei saa ta pensioni ega arsti juurde"},"content":{"rendered":"<p>                                        <img decoding=\"async\" src=\"https:\/\/news.inbox.eu\/w\/img\/5f\/6a\/5f6a2b0a542a16ca77-800x0.jpg\" onerror=\"this.src=\" https:=\"\" onload=\"if(this.width &lt;= 1){this.src=\"\/><\/p>\n<p>Narva pension\u00e4r Zinaida oli naabermajas juhtunud \u00f5nnetuse tunnistajaks, kuid eksituse t\u00f5ttu tunnistati surnuks hoopis tema. Naise pangateenused blokeeriti, ta j\u00e4i ravikindlustuseta ning infos\u00fcsteemi m\u00e4rgiti isegi tema surmakuup\u00e4ev. M\u00f6\u00f6dunud on juba kaks n\u00e4dalat, kuid Zinaida pole siiani saanud tagasi dokumente ega ligip\u00e4\u00e4su elut\u00e4htsatele teenustele.<\/p>\n","protected":false},"excerpt":{"rendered":"Narva pension\u00e4r Zinaida oli naabermajas juhtunud \u00f5nnetuse tunnistajaks, kuid eksituse t\u00f5ttu tunnistati surnuks hoopis tema. Naise pangateenused blokeeriti,&hellip;\n","protected":false},"author":2,"featured_media":269036,"comment_status":"","ping_status":"","sticky":false,"template":"","format":"standard","meta":{"footnotes":"","_share_on_mastodon":"0"},"categories":[12],"tags":[26,27,37,33,35,34,36,31,32,21,28,29,19,25,23,24,22,20,30],"class_list":["post-269035","post","type-post","status-publish","format-standard","has-post-thumbnail","category-eesti","tag-breaking-news","tag-breakingnews","tag-ee","tag-eesti","tag-eesti-keel","tag-estonia","tag-estonian","tag-featured-news","tag-featurednews","tag-headlines","tag-latest-news","tag-latestnews","tag-news","tag-populaarseimad-lood","tag-top-stories","tag-topstories","tag-uldised-uudised","tag-uudised","tag-viimased-uudised"],"share_on_mastodon":{"url":"https:\/\/pubeurope.com\/@ee\/117217808140766337","error":""},"_links":{"self":[{"href":"https:\/\/www.europesays.com\/ee\/wp-json\/wp\/v2\/posts\/269035","targetHints":{"allow":["GET"]}}],"collection":[{"href":"https:\/\/www.europesays.com\/ee\/wp-json\/wp\/v2\/posts"}],"about":[{"href":"https:\/\/www.europesays.com\/ee\/wp-json\/wp\/v2\/types\/post"}],"author":[{"embeddable":true,"href":"https:\/\/www.europesays.com\/ee\/wp-json\/wp\/v2\/users\/2"}],"replies":[{"embeddable":true,"href":"https:\/\/www.europesays.com\/ee\/wp-json\/wp\/v2\/comments?post=269035"}],"version-history":[{"count":0,"href":"https:\/\/www.europesays.com\/ee\/wp-json\/wp\/v2\/posts\/269035\/revisions"}],"wp:featuredmedia":[{"embeddable":true,"href":"https:\/\/www.europesays.com\/ee\/wp-json\/wp\/v2\/media\/269036"}],"wp:attachment":[{"href":"https:\/\/www.europesays.com\/ee\/wp-json\/wp\/v2\/media?parent=269035"}],"wp:term":[{"taxonomy":"category","embeddable":true,"href":"https:\/\/www.europesays.com\/ee\/wp-json\/wp\/v2\/categories?post=269035"},{"taxonomy":"post_tag","embeddable":true,"href":"https:\/\/www.europesays.com\/ee\/wp-json\/wp\/v2\/tags?post=269035"}],"curies":[{"name":"wp","href":"https:\/\/api.w.org\/{rel}","templated":true}]}}