{"id":269039,"date":"2026-09-05T09:55:16","date_gmt":"2026-09-05T09:55:16","guid":{"rendered":"https:\/\/www.europesays.com\/ee\/269039\/"},"modified":"2026-09-05T09:55:16","modified_gmt":"2026-09-05T09:55:16","slug":"delfi-veneetsias-filmifestivali-elutoopreemia-palvinud-george-clooney-puuan-lihtsalt-teha-oma-tood-nii-hasti-kui-suudan","status":"publish","type":"post","link":"https:\/\/www.europesays.com\/ee\/269039\/","title":{"rendered":"DELFI VENEETSIAS | Filmifestivali elut\u00f6\u00f6preemia p\u00e4lvinud George Clooney: p\u00fc\u00fcan lihtsalt teha oma t\u00f6\u00f6d nii h\u00e4sti, kui suudan"},"content":{"rendered":"<p>\u201eJah, olles 65-aastane, tekitab k\u00f5ik minus melanhooliat. Pesen hommikul hambaid, vaatan peeglisse ja m\u00f5tlen: \u201eHmm, mu hambad n\u00e4gid varem palju paremad v\u00e4lja kui praegu.\u201c Aga ma olen v\u00e4ga \u00f5nnelik inimene. Mul on imeline naine, keda ma armastan ja kes mind armastab, kaks suurep\u00e4rast last ning ma olen v\u00f5imeline tegema t\u00f6\u00f6d, kui ma seda soovin,\u201c j\u00e4tkas ta. \u201eMaailmas toimub praegu palju kohutavat, millega ei saa leppida, ent me peaksime keskenduma ka headele asjadele. Nendele, mis elu ilusaks teevad.\u201c<\/p>\n<p><a href=\"https:\/\/epl.delfi.ee\/artikkel\/120608572\/delfi-veneetsias-filmifestivali-elutoopreemia-palvinud-george-clooney-puuan-lihtsalt-teha-oma-tood-nii-hasti-kui-suudan\/kommentaarid\" class=\"button button--primary button--size-auto article-body-bottom__comment article-body-bottom__comment--write\" style=\"\" rel=\"nofollow noopener\" target=\"_blank\">Kommenteeri<\/a><a href=\"https:\/\/epl.delfi.ee\/artikkel\/120608572\/delfi-veneetsias-filmifestivali-elutoopreemia-palvinud-george-clooney-puuan-lihtsalt-teha-oma-tood-nii-hasti-kui-suudan\/kommentaarid\" class=\"button button--size-auto article-body-bottom__comment article-body-bottom__comment--read\" style=\"\" rel=\"nofollow noopener\" target=\"_blank\">Loe kommentaare (2)<\/a><\/p>\n","protected":false},"excerpt":{"rendered":"\u201eJah, olles 65-aastane, tekitab k\u00f5ik minus melanhooliat. Pesen hommikul hambaid, vaatan peeglisse ja m\u00f5tlen: \u201eHmm, mu hambad n\u00e4gid&hellip;\n","protected":false},"author":2,"featured_media":269040,"comment_status":"","ping_status":"","sticky":false,"template":"","format":"standard","meta":{"footnotes":"","_share_on_mastodon":"0"},"categories":[16],"tags":[88399,17943,37,33,35,7938,173,34,36,8998,140,47551],"class_list":["post-269039","post","type-post","status-publish","format-standard","has-post-thumbnail","category-meelelahutus","tag-amal-clooney","tag-brad-pitt","tag-ee","tag-eesti","tag-eesti-keel","tag-elutoopreemia","tag-entertainment","tag-estonia","tag-estonian","tag-george-clooney","tag-meelelahutus","tag-veneetsia-filmifestival"],"share_on_mastodon":{"url":"https:\/\/pubeurope.com\/@ee\/117217835306211682","error":""},"_links":{"self":[{"href":"https:\/\/www.europesays.com\/ee\/wp-json\/wp\/v2\/posts\/269039","targetHints":{"allow":["GET"]}}],"collection":[{"href":"https:\/\/www.europesays.com\/ee\/wp-json\/wp\/v2\/posts"}],"about":[{"href":"https:\/\/www.europesays.com\/ee\/wp-json\/wp\/v2\/types\/post"}],"author":[{"embeddable":true,"href":"https:\/\/www.europesays.com\/ee\/wp-json\/wp\/v2\/users\/2"}],"replies":[{"embeddable":true,"href":"https:\/\/www.europesays.com\/ee\/wp-json\/wp\/v2\/comments?post=269039"}],"version-history":[{"count":0,"href":"https:\/\/www.europesays.com\/ee\/wp-json\/wp\/v2\/posts\/269039\/revisions"}],"wp:featuredmedia":[{"embeddable":true,"href":"https:\/\/www.europesays.com\/ee\/wp-json\/wp\/v2\/media\/269040"}],"wp:attachment":[{"href":"https:\/\/www.europesays.com\/ee\/wp-json\/wp\/v2\/media?parent=269039"}],"wp:term":[{"taxonomy":"category","embeddable":true,"href":"https:\/\/www.europesays.com\/ee\/wp-json\/wp\/v2\/categories?post=269039"},{"taxonomy":"post_tag","embeddable":true,"href":"https:\/\/www.europesays.com\/ee\/wp-json\/wp\/v2\/tags?post=269039"}],"curies":[{"name":"wp","href":"https:\/\/api.w.org\/{rel}","templated":true}]}}