{"id":269041,"date":"2026-09-05T09:56:13","date_gmt":"2026-09-05T09:56:13","guid":{"rendered":"https:\/\/www.europesays.com\/ee\/269041\/"},"modified":"2026-09-05T09:56:13","modified_gmt":"2026-09-05T09:56:13","slug":"vaher-ruhib-itaalias-aina-ettepoole-enok-votab-asfaldidebuudist-viimast","status":"publish","type":"post","link":"https:\/\/www.europesays.com\/ee\/269041\/","title":{"rendered":"Vaher r\u00fchib Itaalias aina ettepoole, Enok v\u00f5tab asfaldideb\u00fc\u00fcdist viimast"},"content":{"rendered":"<p>Vaheri jaoks on see esimene kord v\u00f5istelda uue kaardilugeja Janni Hussiga. Enok teeb aga Silver Simmiga \u00fcldse asfaldiralli deb\u00fc\u00fcdi.<\/p>\n<ul>\n<li>\n<p data-block-id=\"-sYBjOjW\">Itaalia autoralli Challenger sarja neljanda etapi avakatse algas s\u00fcndmusterohkelt, kui numbri all 31 startinud Luca Pedersoli ja Andrea Tomasi Hyundai i20 WRC keset 26 kilomeetrist Pertiche katset s\u00fcttis. Tulekahju tekkis vaid loetud hetkedega \u2013 Pedersoli masinast paiskus enne n\u00f5elasilmakurvi ohtralt suitsu ning seisma j\u00e4\u00e4des s\u00fcttis see koheselt.<\/p>\n<\/li>\n<\/ul>\n<p>Ekipaa\u017e p\u00e4\u00e4ses autost kiiresti v\u00e4lja ning suutis t\u00e4nu sellele tulekahjust vigastusteta p\u00e4\u00e4seda. Kuiv\u00f5rd katsele pidi minema tulet\u00f5rje ning itaallaste auto j\u00e4i seisma keset katset, ei j\u00e4\u00e4nud korraldajatel muud valikut kui katse peatada.<\/p>\n<p>Seet\u00f5ttu ei saanud katselt korraliku aega kirja nii Patrick Enok &#8211; Silver Simm (\u0160koda Fabia RS Rally2) kui ka uue kaardilugeja Janni Hussiga esimest rallit s\u00f5itev Jaspar Vaher (Toyota GR Yaris Rally2), kes said katsele l\u00e4hte p\u00e4rast Pedersolit. Vaherile m\u00e4\u00e4rati neljanda koha aeg ning kaotust liidrile Andrea Crugnolale 15,2 sekundit. Enokile aga 24. koht ja kaotust suisa 1.31,7.<\/p>\n<ul>\n<li>\n<p data-block-id=\"D9A6uX1C\">Probleemid j\u00e4tkusid ka teisel katsel ning taas peatati katse punase lipu t\u00f5ttu. Eesti meestele m\u00e4\u00e4rati nominaalajad, aga sedapuhku l\u00e4ks nendega p\u00e4ris \u00f5nnetult: Enokile l\u00f5puks 17. koht ja kaotust 1.25,4, kuid Vaherile fikseeriti suisa 36. koht kaotusega 3 minutit. See kukutas nad esimese p\u00e4eva l\u00f5puks 21. ja 22. positsioonile ehk suurest m\u00e4ngust v\u00e4lja.<\/p>\n<\/li>\n<li>\n<p data-block-id=\"YYRnxOQM\">Laup\u00e4evasel esimesel katsel said eestlased l\u00f5puks normaalselt v\u00f5idu s\u00f5ita ja Vaher tuli kuuendaks, kaotust Crugnolale 5,8 sekundit. Enok kaotas 28,3 sekundit ja oli 28.<\/p>\n<\/li>\n<li>\n<p data-block-id=\"t2PEcvTs\">Neljanda kiiruskatse l\u00f5petas Vaher kuuenda tulemusega, kui j\u00e4i j\u00e4rjekordse katse v\u00f5itnud Crugnolale alla 19 sekundiga. Enok oli taas 28., kuid kaotas parimale 1.14,6.<\/p>\n<\/li>\n<\/ul>\n<p>Ralli \u00fcldseis nelja kiiruskatse j\u00e4rel:<\/p>\n","protected":false},"excerpt":{"rendered":"Vaheri jaoks on see esimene kord v\u00f5istelda uue kaardilugeja Janni Hussiga. Enok teeb aga Silver Simmiga \u00fcldse asfaldiralli&hellip;\n","protected":false},"author":2,"featured_media":269042,"comment_status":"","ping_status":"","sticky":false,"template":"","format":"standard","meta":{"footnotes":"","_share_on_mastodon":"0"},"categories":[18],"tags":[37,33,35,34,36,159,158],"class_list":["post-269041","post","type-post","status-publish","format-standard","has-post-thumbnail","category-sport","tag-ee","tag-eesti","tag-eesti-keel","tag-estonia","tag-estonian","tag-sport","tag-sports"],"share_on_mastodon":{"url":"https:\/\/pubeurope.com\/@ee\/117217839422364279","error":""},"_links":{"self":[{"href":"https:\/\/www.europesays.com\/ee\/wp-json\/wp\/v2\/posts\/269041","targetHints":{"allow":["GET"]}}],"collection":[{"href":"https:\/\/www.europesays.com\/ee\/wp-json\/wp\/v2\/posts"}],"about":[{"href":"https:\/\/www.europesays.com\/ee\/wp-json\/wp\/v2\/types\/post"}],"author":[{"embeddable":true,"href":"https:\/\/www.europesays.com\/ee\/wp-json\/wp\/v2\/users\/2"}],"replies":[{"embeddable":true,"href":"https:\/\/www.europesays.com\/ee\/wp-json\/wp\/v2\/comments?post=269041"}],"version-history":[{"count":0,"href":"https:\/\/www.europesays.com\/ee\/wp-json\/wp\/v2\/posts\/269041\/revisions"}],"wp:featuredmedia":[{"embeddable":true,"href":"https:\/\/www.europesays.com\/ee\/wp-json\/wp\/v2\/media\/269042"}],"wp:attachment":[{"href":"https:\/\/www.europesays.com\/ee\/wp-json\/wp\/v2\/media?parent=269041"}],"wp:term":[{"taxonomy":"category","embeddable":true,"href":"https:\/\/www.europesays.com\/ee\/wp-json\/wp\/v2\/categories?post=269041"},{"taxonomy":"post_tag","embeddable":true,"href":"https:\/\/www.europesays.com\/ee\/wp-json\/wp\/v2\/tags?post=269041"}],"curies":[{"name":"wp","href":"https:\/\/api.w.org\/{rel}","templated":true}]}}