{"id":269043,"date":"2026-09-05T09:59:13","date_gmt":"2026-09-05T09:59:13","guid":{"rendered":"https:\/\/www.europesays.com\/ee\/269043\/"},"modified":"2026-09-05T09:59:13","modified_gmt":"2026-09-05T09:59:13","slug":"obinitsasse-tuli-kokku-ule-400-karavani-ligi-tuhande-osalejaga-eesti","status":"publish","type":"post","link":"https:\/\/www.europesays.com\/ee\/269043\/","title":{"rendered":"Obinitsasse tuli kokku \u00fcle 400 karavani ligi tuhande osalejaga | Eesti"},"content":{"rendered":"<p>Setomaal Obinitsas toimub Eesti karavaniklubi 34. matkaautode kokkutulek. Kohale on veerenud \u00fcle 400 karavani ligi tuhande osalejaga.<\/p>\n<p>V\u00e4ikeses Obinitsa asulas Kooli t\u00e4naval oli reedel keeruline parkimiskohta leida, sest k\u00f5ikjal olid koha sisse v\u00f5tnud karavanide kokkutulekule tulnud matkaautod.<\/p>\n<p>&#8220;Mugavus ja autonoomsus on m\u00e4rks\u00f5nad \u2013 sa v\u00f5id minna lobi \u00e4\u00e4rde, puu \u00e4\u00e4rde ja sul on k\u00f5ik eluks vajalik olemas. Sa ei s\u00f5ltu mingitest graafikutest, ei kellaaegadest ega broneeringutest, lihtsalt keera s\u00fc\u00fcdet ja stardi. Tullakse perekonniti ja s\u00f5pruskonniti ja ealiselt on igasugust rahvast \u2013 on nooremaid peresid, on alustajaid ja on v\u00e4ga pika kogemusega matkajaid, kellel on lapsed ka siin kaasas,&#8221; r\u00e4\u00e4kis Eesti Karavan juhatuse liige Liisi Laanem\u00e4e<\/p>\n<p>Korraldajate s\u00f5nul Setomaal matkajatel igav ei hakka, sest seal on palju huvitavaid paiku, mida k\u00fclastada.<\/p>\n<p>&#8220;Inimestel peab olema v\u00f5imalus aega siin t\u00e4ita, ta ei pea istuma oma auto juures v\u00f5i ainult s\u00f5pradega. M\u00f5ni ei v\u00f5ta osa millestki ja ta naudib, et ta saab s\u00f5pradega kokku. Aga need, kes tahavad millestki osa v\u00f5tta, siis programm on rikkalik. Karavan-salongid on meil v\u00e4lja kujunenud aastatega, kus saab massaa\u017ei v\u00f5tta v\u00f5i juukseid s\u00e4ttida, jalgade hooldust tellida. Sellel aastal on meil esimest korda m\u00f5eldud ka v\u00e4ikestele neljajalgsetele \u2013 kassid, koerad saavad pesu, kammimist v\u00f5i k\u00fc\u00fcnte l\u00f5ikust,&#8221; lausus kokkutuleku korraldaja Ivar Kalev.<\/p>\n<p>Matkaautoga reisimine on asjaosaliste s\u00f5nul omaette elu- ja m\u00f5ttelaad, mist\u00f5ttu kokkutulekul saadakse kokku m\u00f5ttekaaslastega, et karavaniga reisimise kogemusi ja muljeid \u00fcksteisega vahetada.<\/p>\n<p>&#8220;Siin on inimesed, kes m\u00f5tlevad hoopis teistmoodi. On kokkuhoidmise tunne ja n\u00e4ed vanu tuttavaid ja vaatad, kuidas teistel on autod v\u00f5i autosuvilad ja siis n\u00e4ed ja saad r\u00e4\u00e4kida maast ja ilmast, kes kuskil on k\u00e4inud,&#8221; lausus Arvo.<\/p>\n<p>&#8220;Ajaveetmine on siin erinevates t\u00f6\u00f6tubades, erinevad matkad on. Kahjuks me ei saanud t\u00e4na osa v\u00f5tta, sest tulime natuke hiljem ja \u00f5htul on meelelahutus,&#8221; \u00fctles Tiia.<\/p>\n","protected":false},"excerpt":{"rendered":"Setomaal Obinitsas toimub Eesti karavaniklubi 34. matkaautode kokkutulek. Kohale on veerenud \u00fcle 400 karavani ligi tuhande osalejaga. V\u00e4ikeses&hellip;\n","protected":false},"author":2,"featured_media":269044,"comment_status":"","ping_status":"","sticky":false,"template":"","format":"standard","meta":{"footnotes":"","_share_on_mastodon":"0"},"categories":[12],"tags":[26,27,37,33,35,34,36,31,32,21,104043,28,29,85271,19,45014,25,23,24,22,20,30],"class_list":["post-269043","post","type-post","status-publish","format-standard","has-post-thumbnail","category-eesti","tag-breaking-news","tag-breakingnews","tag-ee","tag-eesti","tag-eesti-keel","tag-estonia","tag-estonian","tag-featured-news","tag-featurednews","tag-headlines","tag-karavaniklubi","tag-latest-news","tag-latestnews","tag-matkaautod","tag-news","tag-obinitsa","tag-populaarseimad-lood","tag-top-stories","tag-topstories","tag-uldised-uudised","tag-uudised","tag-viimased-uudised"],"share_on_mastodon":{"url":"https:\/\/pubeurope.com\/@ee\/117217851089419391","error":""},"_links":{"self":[{"href":"https:\/\/www.europesays.com\/ee\/wp-json\/wp\/v2\/posts\/269043","targetHints":{"allow":["GET"]}}],"collection":[{"href":"https:\/\/www.europesays.com\/ee\/wp-json\/wp\/v2\/posts"}],"about":[{"href":"https:\/\/www.europesays.com\/ee\/wp-json\/wp\/v2\/types\/post"}],"author":[{"embeddable":true,"href":"https:\/\/www.europesays.com\/ee\/wp-json\/wp\/v2\/users\/2"}],"replies":[{"embeddable":true,"href":"https:\/\/www.europesays.com\/ee\/wp-json\/wp\/v2\/comments?post=269043"}],"version-history":[{"count":0,"href":"https:\/\/www.europesays.com\/ee\/wp-json\/wp\/v2\/posts\/269043\/revisions"}],"wp:featuredmedia":[{"embeddable":true,"href":"https:\/\/www.europesays.com\/ee\/wp-json\/wp\/v2\/media\/269044"}],"wp:attachment":[{"href":"https:\/\/www.europesays.com\/ee\/wp-json\/wp\/v2\/media?parent=269043"}],"wp:term":[{"taxonomy":"category","embeddable":true,"href":"https:\/\/www.europesays.com\/ee\/wp-json\/wp\/v2\/categories?post=269043"},{"taxonomy":"post_tag","embeddable":true,"href":"https:\/\/www.europesays.com\/ee\/wp-json\/wp\/v2\/tags?post=269043"}],"curies":[{"name":"wp","href":"https:\/\/api.w.org\/{rel}","templated":true}]}}