{"id":269049,"date":"2026-09-05T10:07:16","date_gmt":"2026-09-05T10:07:16","guid":{"rendered":"https:\/\/www.europesays.com\/ee\/269049\/"},"modified":"2026-09-05T10:07:16","modified_gmt":"2026-09-05T10:07:16","slug":"vene-meedia-isu-vottis-valijevalt-neutraalse-sportlase-staatuse-iluuisutamine","status":"publish","type":"post","link":"https:\/\/www.europesays.com\/ee\/269049\/","title":{"rendered":"Vene meedia: ISU v\u00f5ttis Valijevalt neutraalse sportlase staatuse | Iluuisutamine"},"content":{"rendered":"<p>Venemaa riikliku uudisteagentuuri TASS teatel tegi Rahvusvaheline uisuliit (ISU) kannap\u00f6\u00f6rde ja v\u00f5ttis Venemaa iluuisut\u00e4helt Kamila Valijevalt neutraalse sportlase staatuse.<\/p>\n<p>TASS ja\u00a0RIA Novosti kirjutasid m\u00f5lemad laup\u00e4eval, et 20-aastase Valijeva neutraalse sportlase staatus t\u00fchistati. &#8220;Otsus tehti mitu p\u00e4eva tagasi ja sellest teavitati vajalikke osapooli,&#8221; \u00fctles ISU-le l\u00e4hedane allikas m\u00f5lemale v\u00e4ljaandele.<\/p>\n<p>Valijeva sai neutraalse sportlase staatuse 7. augustil. Iluuisut\u00e4ht t\u00f5usis \u00fclemaailmse spordipubliku huviorbiiti 2022. aasta Pekingi ol\u00fcmpiam\u00e4ngudel. Ol\u00fcmpiam\u00e4ngude ajal selgus, et toona 15-aastane iluuisutaja oli hooaja varasemas faasis andnud positiivse dopinguproovi.<\/p>\n<p>2024. aasta jaanuaris otsustas rahvusvaheline spordikohus, et Valijeva peab kandma nelja aasta pikkust v\u00f5istluskeeldu tagasiulatuvalt 2021. aasta detsembrist. Sestap j\u00e4i ta ilma nii ol\u00fcmpia \u00fcksiks\u00f5idu neljandast kohast, aga koos Venemaa v\u00f5istkonnaga ka v\u00f5istkonnav\u00f5istluse kullast ja samal aastal Tallinnas toimunud EM-i kullast. Tema v\u00f5istluskeeld l\u00f5ppes mullu detsembris.<\/p>\n<p>Lisaks Valijevale j\u00e4i v\u00e4idetavalt neutraalse sportlase staatusest ilma ka teine Venemaa iluuisutaja Mark Kondratjuk. TASS-i s\u00f5nul esitasid m\u00f5lemad sportlased ISU-le apellatsioonkaebuse.<\/p>\n","protected":false},"excerpt":{"rendered":"Venemaa riikliku uudisteagentuuri TASS teatel tegi Rahvusvaheline uisuliit (ISU) kannap\u00f6\u00f6rde ja v\u00f5ttis Venemaa iluuisut\u00e4helt Kamila Valijevalt neutraalse sportlase&hellip;\n","protected":false},"author":2,"featured_media":269050,"comment_status":"","ping_status":"","sticky":false,"template":"","format":"standard","meta":{"footnotes":"","_share_on_mastodon":"0"},"categories":[18],"tags":[37,33,35,34,36,17128,48260,159,158],"class_list":["post-269049","post","type-post","status-publish","format-standard","has-post-thumbnail","category-sport","tag-ee","tag-eesti","tag-eesti-keel","tag-estonia","tag-estonian","tag-kamila-valijeva","tag-rahvusvaheline-uisuliit","tag-sport","tag-sports"],"share_on_mastodon":{"url":"https:\/\/pubeurope.com\/@ee\/117217882508350411","error":""},"_links":{"self":[{"href":"https:\/\/www.europesays.com\/ee\/wp-json\/wp\/v2\/posts\/269049","targetHints":{"allow":["GET"]}}],"collection":[{"href":"https:\/\/www.europesays.com\/ee\/wp-json\/wp\/v2\/posts"}],"about":[{"href":"https:\/\/www.europesays.com\/ee\/wp-json\/wp\/v2\/types\/post"}],"author":[{"embeddable":true,"href":"https:\/\/www.europesays.com\/ee\/wp-json\/wp\/v2\/users\/2"}],"replies":[{"embeddable":true,"href":"https:\/\/www.europesays.com\/ee\/wp-json\/wp\/v2\/comments?post=269049"}],"version-history":[{"count":0,"href":"https:\/\/www.europesays.com\/ee\/wp-json\/wp\/v2\/posts\/269049\/revisions"}],"wp:featuredmedia":[{"embeddable":true,"href":"https:\/\/www.europesays.com\/ee\/wp-json\/wp\/v2\/media\/269050"}],"wp:attachment":[{"href":"https:\/\/www.europesays.com\/ee\/wp-json\/wp\/v2\/media?parent=269049"}],"wp:term":[{"taxonomy":"category","embeddable":true,"href":"https:\/\/www.europesays.com\/ee\/wp-json\/wp\/v2\/categories?post=269049"},{"taxonomy":"post_tag","embeddable":true,"href":"https:\/\/www.europesays.com\/ee\/wp-json\/wp\/v2\/tags?post=269049"}],"curies":[{"name":"wp","href":"https:\/\/api.w.org\/{rel}","templated":true}]}}