{"id":269051,"date":"2026-09-05T10:08:08","date_gmt":"2026-09-05T10:08:08","guid":{"rendered":"https:\/\/www.europesays.com\/ee\/269051\/"},"modified":"2026-09-05T10:08:08","modified_gmt":"2026-09-05T10:08:08","slug":"fotod-tesla-avab-peetris-teeninduskeskuse-ja-muugisalongi","status":"publish","type":"post","link":"https:\/\/www.europesays.com\/ee\/269051\/","title":{"rendered":"FOTOD | Tesla avab Peetris teeninduskeskuse ja m\u00fc\u00fcgisalongi"},"content":{"rendered":"<p>Tesla esindaja kinnitas \u00c4rilehele, et ettev\u00f5te avab l\u00e4hiajal Rae vallas Peetri alevikus alalise Tesla teeninduskeskuse.<\/p>\n<p>Aprillist on Tesla tegutsenud ajutises m\u00fc\u00fcgiesinduses \u00dclemiste keskuses. Ettev\u00f5te teatas juba selle avamisel, et otsib Eestis esinduse jaoks sobivat asukohta.<\/p>\n<p>Peetrisse rajatavas teeninduskeskuses hakkavad p\u00f5hjaliku v\u00e4lja\u00f5ppe saanud tehnikud pakkuma Tesla Eesti klientidele hooldus- ja remonditeenuseid. Samasse asukohta tuleb ka m\u00fc\u00fcgisalong, kus esitletakse Eestis pakutavaid Tesla s\u00f5idukeid ja teisi tooteid.<\/p>\n<p>Uue keskuse t\u00e4pset avamiskuup\u00e4eva Tesla veel ei avaldanud.<\/p>\n<p>Kuidas see lugu Sind end tundma pani?Saada<a href=\"https:\/\/arileht.delfi.ee\/artikkel\/120607926\/fotod-tesla-avab-peetris-teeninduskeskuse-ja-muugisalongi\/kommentaarid\" class=\"button button--primary button--size-auto article-body-bottom__comment article-body-bottom__comment--write\" style=\"\" rel=\"nofollow noopener\" target=\"_blank\">Kommenteeri<\/a><a href=\"https:\/\/arileht.delfi.ee\/artikkel\/120607926\/fotod-tesla-avab-peetris-teeninduskeskuse-ja-muugisalongi\/kommentaarid\" class=\"button button--size-auto article-body-bottom__comment article-body-bottom__comment--read\" style=\"\" rel=\"nofollow noopener\" target=\"_blank\">Loe kommentaare (1)<\/a><\/p>\n","protected":false},"excerpt":{"rendered":"Tesla esindaja kinnitas \u00c4rilehele, et ettev\u00f5te avab l\u00e4hiajal Rae vallas Peetri alevikus alalise Tesla teeninduskeskuse. Aprillist on Tesla&hellip;\n","protected":false},"author":2,"featured_media":269052,"comment_status":"","ping_status":"","sticky":false,"template":"","format":"standard","meta":{"footnotes":"","_share_on_mastodon":"0"},"categories":[14],"tags":[131,130,37,33,35,635,34,36,2226],"class_list":["post-269051","post","type-post","status-publish","format-standard","has-post-thumbnail","category-ari","tag-ari","tag-business","tag-ee","tag-eesti","tag-eesti-keel","tag-elektriauto","tag-estonia","tag-estonian","tag-tesla"],"share_on_mastodon":{"url":"https:\/\/pubeurope.com\/@ee\/117217886577967496","error":""},"_links":{"self":[{"href":"https:\/\/www.europesays.com\/ee\/wp-json\/wp\/v2\/posts\/269051","targetHints":{"allow":["GET"]}}],"collection":[{"href":"https:\/\/www.europesays.com\/ee\/wp-json\/wp\/v2\/posts"}],"about":[{"href":"https:\/\/www.europesays.com\/ee\/wp-json\/wp\/v2\/types\/post"}],"author":[{"embeddable":true,"href":"https:\/\/www.europesays.com\/ee\/wp-json\/wp\/v2\/users\/2"}],"replies":[{"embeddable":true,"href":"https:\/\/www.europesays.com\/ee\/wp-json\/wp\/v2\/comments?post=269051"}],"version-history":[{"count":0,"href":"https:\/\/www.europesays.com\/ee\/wp-json\/wp\/v2\/posts\/269051\/revisions"}],"wp:featuredmedia":[{"embeddable":true,"href":"https:\/\/www.europesays.com\/ee\/wp-json\/wp\/v2\/media\/269052"}],"wp:attachment":[{"href":"https:\/\/www.europesays.com\/ee\/wp-json\/wp\/v2\/media?parent=269051"}],"wp:term":[{"taxonomy":"category","embeddable":true,"href":"https:\/\/www.europesays.com\/ee\/wp-json\/wp\/v2\/categories?post=269051"},{"taxonomy":"post_tag","embeddable":true,"href":"https:\/\/www.europesays.com\/ee\/wp-json\/wp\/v2\/tags?post=269051"}],"curies":[{"name":"wp","href":"https:\/\/api.w.org\/{rel}","templated":true}]}}