{"id":269055,"date":"2026-09-05T10:11:29","date_gmt":"2026-09-05T10:11:29","guid":{"rendered":"https:\/\/www.europesays.com\/ee\/269055\/"},"modified":"2026-09-05T10:11:29","modified_gmt":"2026-09-05T10:11:29","slug":"ft-euroopa-laheb-talvele-vastu-rekordiliselt-madalate-gaasivarudega-valismaa","status":"publish","type":"post","link":"https:\/\/www.europesays.com\/ee\/269055\/","title":{"rendered":"FT: Euroopa l\u00e4heb talvele vastu rekordiliselt madalate gaasivarudega | V\u00e4lismaa"},"content":{"rendered":"<p>Ajaleht Financial Times kirjutab, et Euroopa l\u00e4heb talvele vastu rekordiliselt madalate gaasivarudega. Anal\u00fc\u00fctikud ei prognoosi otsest gaasipuudust, kuid tunnevad muret v\u00f5imaliku k\u00fclma ilma ja uute tarneh\u00e4irete p\u00e4rast.<\/p>\n<p>&#8220;Kui meid tabab mitmetahuline vapustus, kujuneb olukord probleemseks,&#8221; \u00fctles kolmap\u00e4eval ajalehele <a href=\"https:\/\/www.ft.com\/content\/5e9db3c2-70c0-40da-8767-88dcbaf8cfc5?syn-25a6b1a6=1\" target=\"_blank\" rel=\"noopener nofollow\">Financial Times<\/a> Gas Infrastructure Europe juht Lucie Boost.\u00a0<\/p>\n<p>Euroopa gaasihoidlad on praegu t\u00e4idetud vaid 65,6 protsendi ulatuses, mis on viimase 15 aasta madalaim n\u00e4itaja. Gaasihinnad on viimase kahe kuu jooksul t\u00f5usnud aga enam kui 75 protsenti ning j\u00f5udsid sel n\u00e4dalal viimase kolme aasta k\u00f5rgeimale tasemele.\u00a0<\/p>\n<p>L\u00e4his-Ida konflikt p\u00f5hjustas tarneh\u00e4ireid ning Euroopa riigid p\u00fc\u00fcavad n\u00fc\u00fcd enne talve gaasihoidlaid t\u00e4ita.<\/p>\n<p>Saksamaa ja Hollandi gaasihoidlate haldajad on samas juba teatanud, et nad ei suuda saavutada oma gaasivarude eesm\u00e4rke, milleks on vastavalt 70 ja 80 protsenti. Samas on Itaalia, Prantsusmaa ja Hispaania gaasivarude poolest paremas seisus.<\/p>\n<p>Anal\u00fc\u00fctikute hinnangul v\u00f5ib Euroopa j\u00f5upingutus kergitada maailmaturul gaasi hinda, kuid otsese gaasipuuduse tekkimine on ebat\u00f5en\u00e4oline. Gaasihinnad on endiselt tunduvalt madalamal tasemel kui 2022. aastal, mil Venemaa alustas t\u00e4iemahulist sissetungi Ukrainasse.<\/p>\n<p>&#8220;Ma oleksin ettevaatlik liigse enesega rahulolu suhtes, sest oleme ikka ja j\u00e4lle n\u00e4inud, et kui probleemid tekivad, siis nad tekivad sageli k\u00f5ik korraga,&#8221; \u00fctles Columbia \u00fclikooli gaasivaldkonna ekspert Anne-Sophie Corbeau.\u00a0<\/p>\n<p>Euroopa Komisjon teatas, et gaasivarustuse p\u00e4rast pole p\u00f5hjust otseselt muretseda. Gaasitarbimine on viimastel aastatel langenud 17 protsenti t\u00e4nu taastuvenergia suuremale kasutusele ja t\u00f6\u00f6stuse n\u00f5udluse v\u00e4henemisele. Lisaks prognoositakse t\u00e4navuseks talveks El Ni\u00f1o t\u00f5ttu Euroopasse suhteliselt sooja ilma.<\/p>\n","protected":false},"excerpt":{"rendered":"Ajaleht Financial Times kirjutab, et Euroopa l\u00e4heb talvele vastu rekordiliselt madalate gaasivarudega. Anal\u00fc\u00fctikud ei prognoosi otsest gaasipuudust, kuid&hellip;\n","protected":false},"author":2,"featured_media":269056,"comment_status":"","ping_status":"","sticky":false,"template":"","format":"standard","meta":{"footnotes":"","_share_on_mastodon":"0"},"categories":[5],"tags":[26,27,37,33,35,24355,34,36,112,31,32,7376,104051,21,28,29,19,25,73141,23,24,22,20,30],"class_list":["post-269055","post","type-post","status-publish","format-standard","has-post-thumbnail","category-uldised-uudised","tag-breaking-news","tag-breakingnews","tag-ee","tag-eesti","tag-eesti-keel","tag-el-nino","tag-estonia","tag-estonian","tag-euroopa","tag-featured-news","tag-featurednews","tag-gaas","tag-gaasimahuti","tag-headlines","tag-latest-news","tag-latestnews","tag-news","tag-populaarseimad-lood","tag-tarnehaired","tag-top-stories","tag-topstories","tag-uldised-uudised","tag-uudised","tag-viimased-uudised"],"share_on_mastodon":{"url":"https:\/\/pubeurope.com\/@ee\/117217898327336959","error":""},"_links":{"self":[{"href":"https:\/\/www.europesays.com\/ee\/wp-json\/wp\/v2\/posts\/269055","targetHints":{"allow":["GET"]}}],"collection":[{"href":"https:\/\/www.europesays.com\/ee\/wp-json\/wp\/v2\/posts"}],"about":[{"href":"https:\/\/www.europesays.com\/ee\/wp-json\/wp\/v2\/types\/post"}],"author":[{"embeddable":true,"href":"https:\/\/www.europesays.com\/ee\/wp-json\/wp\/v2\/users\/2"}],"replies":[{"embeddable":true,"href":"https:\/\/www.europesays.com\/ee\/wp-json\/wp\/v2\/comments?post=269055"}],"version-history":[{"count":0,"href":"https:\/\/www.europesays.com\/ee\/wp-json\/wp\/v2\/posts\/269055\/revisions"}],"wp:featuredmedia":[{"embeddable":true,"href":"https:\/\/www.europesays.com\/ee\/wp-json\/wp\/v2\/media\/269056"}],"wp:attachment":[{"href":"https:\/\/www.europesays.com\/ee\/wp-json\/wp\/v2\/media?parent=269055"}],"wp:term":[{"taxonomy":"category","embeddable":true,"href":"https:\/\/www.europesays.com\/ee\/wp-json\/wp\/v2\/categories?post=269055"},{"taxonomy":"post_tag","embeddable":true,"href":"https:\/\/www.europesays.com\/ee\/wp-json\/wp\/v2\/tags?post=269055"}],"curies":[{"name":"wp","href":"https:\/\/api.w.org\/{rel}","templated":true}]}}