{"id":269069,"date":"2026-09-05T10:23:07","date_gmt":"2026-09-05T10:23:07","guid":{"rendered":"https:\/\/www.europesays.com\/ee\/269069\/"},"modified":"2026-09-05T10:23:07","modified_gmt":"2026-09-05T10:23:07","slug":"paaru-oja-olen-teiste-naitlejate-reisisaateid-alati-kadedusega-vaadanud-ringvaade","status":"publish","type":"post","link":"https:\/\/www.europesays.com\/ee\/269069\/","title":{"rendered":"P\u00e4\u00e4ru Oja: olen teiste n\u00e4itlejate reisisaateid alati kadedusega vaadanud | Ringvaade"},"content":{"rendered":"<p>Sel p\u00fchap\u00e4eval alustab ETV-s uus reisisaade &#8220;Saba ja sarvedega Laos&#8221;, kus n\u00e4itleja P\u00e4\u00e4ru Oja v\u00f5tab endale esmakordselt reisisaatejuhi rolli.<\/p>\n<p>&#8220;See oli absoluutselt uudne minu jaoks,&#8221; tunnistas Oja &#8220;Ringvaates&#8221;, kuidas uus roll talle meeldis. &#8220;Ma olen reisisaateid vaadanud ja n\u00e4itlejad on neid teinud. Olen alati kadedusega vaadanud.&#8221;<\/p>\n<p>Reisisaate teine saatejuht on reisikirjanik Rene Satsi, kellega Oja kohtus aastaid tagasi Iirimaal t\u00f6\u00f6tades.<\/p>\n<p>&#8220;Oli koroonaaeg ja ma kirjutasin sealsesse eestlaste gruppi, kas keegi tahab jalutama ja juttu r\u00e4\u00e4kima minna. Paar inimest vastasid ja Rene oli ka \u00fcks neist. Siis me jalutasime Dublini peal ja sellel jalutusel said meist s\u00f5brad,&#8221; meenutas Oja.<\/p>\n<p>Juba siis r\u00e4\u00e4kis Satsi palju riigist nimega Laos. &#8220;Mulle tundus t\u00fc\u00fctu,&#8221; naeris Oja, &#8220;aga siis \u00fcks hetk ta helistas, et kuule, n\u00fc\u00fcd on niimoodi, et tuleb minna ETV-ga Laosesse. Siis olime korraga lennuki peal.&#8221;<\/p>\n<p>Laos asub Vietnami, Kambod\u017ea ja Tai vahel. Oja tutvustas, et tegemist on v\u00e4ga vaese demokraatliku vabariigiga. &#8220;Ma hakkasin reisil m\u00f5tlema, et kui riigi nimes on demokraatlik vabariik, siis see seda ilmselgelt ei ole,&#8221; t\u00e4psustas ta.<\/p>\n<p>Laose t\u00e4navatel lehvivad lisaks riigilipule ka sirbi ja vasaraga lipud. Nii \u00fcritatakse j\u00e4tta muljet, et tegemist on kommunistliku riigiga.<\/p>\n<p>&#8220;See on muidugi ainult ettek\u00e4\u00e4ne, et miks me oleme nii \u00fchtne rahvas ja miks rahvast hoolida, aga tegelikult ei ole seal kommunismiga midagi pistmist,&#8221; selgitas Oja. &#8220;Seda oli natukene imelik vaadata.&#8221;<\/p>\n<p>N\u00e4itleja teadis r\u00e4\u00e4kida, et \u00fcleilmselt tuntud Tai s\u00f6\u00f6k p\u00e4rineb tegelikult Laosest ja on hoopis sealt naaberriiki liikunud. Sealsed teravad toidud meeldivad Ojale v\u00e4ga.<\/p>\n<p>&#8220;Teinekord isegi liiga palju. Isegi kohalik reisigiid, kes meil oli, vahepeal vaatas mind imelikult, et kuidas ma nii palju t\u0161illit s\u00f6\u00f6n. Seda sai palju kaasa ostetud. Ma isegi panin kodus seemnest kasvama,&#8221; muigas ta.<\/p>\n<p>Laoses oli reisiseltskond kuu aega. Ojale j\u00e4i k\u00f5ige eredamalt meelde sealsed inimesed. Tema s\u00f5nul m\u00f5tlevad sealsed inimesed hoopis teistmoodi, kui meie regioonis seda tehakse. V\u00e4ga t\u00e4htsal kohal on ka ebausk.<\/p>\n<p>&#8220;See oli vist kultuuriminister, kes \u00fctles, et ta n\u00e4gi unes, et \u00fche UNESCO maailmap\u00e4randi all on tohutu hunnik kulda, sealt tuleb kaevata. Toodigi kopad kohale, p\u00fchiti see UNESCO maailmap\u00e4rand minema ja kulda ei leitud. Siis tuli kultuuriminister, \u00fctles, et ma saan aru, et te olete mures, aga \u00e4rge muretsege, kurjad vaimud olid minu sees, ma k\u00e4isin n\u00f5ia juures ja see mure on lahendatud ning ma saan kultuuriga edasi tegutseda. Sellest piisas. Ta ei pidanud isegi tagasi astuma,&#8221; meenutas Oja \u00fcht eredamat lugu.<\/p>\n<p>&#8220;Saba ja sarvedega Laos&#8221; on ETV eetris p\u00fchap\u00e4eviti kell 18.45.<\/p>\n","protected":false},"excerpt":{"rendered":"Sel p\u00fchap\u00e4eval alustab ETV-s uus reisisaade &#8220;Saba ja sarvedega Laos&#8221;, kus n\u00e4itleja P\u00e4\u00e4ru Oja v\u00f5tab endale esmakordselt reisisaatejuhi&hellip;\n","protected":false},"author":2,"featured_media":269070,"comment_status":"","ping_status":"","sticky":false,"template":"","format":"standard","meta":{"footnotes":"","_share_on_mastodon":"0"},"categories":[91],"tags":[240,37,33,35,173,34,36,241,18904,140,20235,104063],"class_list":["post-269069","post","type-post","status-publish","format-standard","has-post-thumbnail","category-kuulsused","tag-celebrities","tag-ee","tag-eesti","tag-eesti-keel","tag-entertainment","tag-estonia","tag-estonian","tag-kuulsused","tag-laos","tag-meelelahutus","tag-paaru-oja","tag-saba-ja-sarvedega-laos"],"share_on_mastodon":{"url":"https:\/\/pubeurope.com\/@ee\/117217945311783342","error":""},"_links":{"self":[{"href":"https:\/\/www.europesays.com\/ee\/wp-json\/wp\/v2\/posts\/269069","targetHints":{"allow":["GET"]}}],"collection":[{"href":"https:\/\/www.europesays.com\/ee\/wp-json\/wp\/v2\/posts"}],"about":[{"href":"https:\/\/www.europesays.com\/ee\/wp-json\/wp\/v2\/types\/post"}],"author":[{"embeddable":true,"href":"https:\/\/www.europesays.com\/ee\/wp-json\/wp\/v2\/users\/2"}],"replies":[{"embeddable":true,"href":"https:\/\/www.europesays.com\/ee\/wp-json\/wp\/v2\/comments?post=269069"}],"version-history":[{"count":0,"href":"https:\/\/www.europesays.com\/ee\/wp-json\/wp\/v2\/posts\/269069\/revisions"}],"wp:featuredmedia":[{"embeddable":true,"href":"https:\/\/www.europesays.com\/ee\/wp-json\/wp\/v2\/media\/269070"}],"wp:attachment":[{"href":"https:\/\/www.europesays.com\/ee\/wp-json\/wp\/v2\/media?parent=269069"}],"wp:term":[{"taxonomy":"category","embeddable":true,"href":"https:\/\/www.europesays.com\/ee\/wp-json\/wp\/v2\/categories?post=269069"},{"taxonomy":"post_tag","embeddable":true,"href":"https:\/\/www.europesays.com\/ee\/wp-json\/wp\/v2\/tags?post=269069"}],"curies":[{"name":"wp","href":"https:\/\/api.w.org\/{rel}","templated":true}]}}