{"id":269083,"date":"2026-09-05T10:40:13","date_gmt":"2026-09-05T10:40:13","guid":{"rendered":"https:\/\/www.europesays.com\/ee\/269083\/"},"modified":"2026-09-05T10:40:13","modified_gmt":"2026-09-05T10:40:13","slug":"noah-lyles-kuulutas-hooaja-loppenuks-kergejoustik","status":"publish","type":"post","link":"https:\/\/www.europesays.com\/ee\/269083\/","title":{"rendered":"Noah Lyles kuulutas hooaja l\u00f5ppenuks | Kergej\u00f5ustik"},"content":{"rendered":"<p>USA tippsprinter Noah Lyles otsustas vigastusmure t\u00f5ttu hooaja varakult l\u00f5petada.<\/p>\n<p>100 meetri jooksu valitsev ol\u00fcmpiav\u00f5itja avaldas reedel sotsiaalmeedia vahendusel, et teda hakkas juulis toimunud USA meistriv\u00f5istluste j\u00e4rel segama lihaspinge, mis p\u00f5hjustas teisi terviseprobleeme.<\/p>\n<p>&#8220;Lihaspinge ei olnud eriti t\u00f5sine. Selle jaoks koostatud taastusravi kulges v\u00e4ga h\u00e4sti, aga kahjuks \u00e4genesid teised terviseprobleemid. Kuna treenimine l\u00e4ks oluliselt vaevalisemaks, siis otsustasime tiimiga, et t\u00f5mban k\u00e4imasolevale hooajale joone alla ning hakkan valmistuma aastateks 2027 ja 2028, mis saavad olema v\u00e4gevad,&#8221; \u00fctles Lyles.<\/p>\n<p>Lyles viitas j\u00e4rgmistele maailmameistriv\u00f5istlustele ja ol\u00fcmpiam\u00e4ngudele, mis toimuvad vastavalt 2027. aasta septembris Pekingis ja 2028. aasta juulis Los Angeleses.<\/p>\n<p>J\u00e4rgmisel n\u00e4dalal oleks Lyles pidanud startima Budapestis toimuval Ultimate Championshipil. Kuigi sprindit\u00e4ht stardijoonele ei l\u00e4he, lubas ta siiski v\u00f5istlust kohapeale kaema minna.<\/p>\n<p>29-aastane Lyles jooksis augusti alguses New Yorgis toimunud v\u00f5istlusel 100 meetris v\u00e4lja aja 9,79, mis on maailma hooaja edetabeli tippmark. Selle tulemusega ta \u00fchtlasi kordas oma isiklikku rekordit. 200 meetri distantsil j\u00e4i tema parimaks tulemuseks aprillis joostud 19,91, millega asub maailma hooaja edetabelis 12. kohal.<\/p>\n","protected":false},"excerpt":{"rendered":"USA tippsprinter Noah Lyles otsustas vigastusmure t\u00f5ttu hooaja varakult l\u00f5petada. 100 meetri jooksu valitsev ol\u00fcmpiav\u00f5itja avaldas reedel sotsiaalmeedia&hellip;\n","protected":false},"author":2,"featured_media":269084,"comment_status":"","ping_status":"","sticky":false,"template":"","format":"standard","meta":{"footnotes":"","_share_on_mastodon":"0"},"categories":[18],"tags":[37,33,35,34,36,2041,159,158],"class_list":["post-269083","post","type-post","status-publish","format-standard","has-post-thumbnail","category-sport","tag-ee","tag-eesti","tag-eesti-keel","tag-estonia","tag-estonian","tag-noah-lyles","tag-sport","tag-sports"],"share_on_mastodon":{"url":"https:\/\/pubeurope.com\/@ee\/117218012319987694","error":""},"_links":{"self":[{"href":"https:\/\/www.europesays.com\/ee\/wp-json\/wp\/v2\/posts\/269083","targetHints":{"allow":["GET"]}}],"collection":[{"href":"https:\/\/www.europesays.com\/ee\/wp-json\/wp\/v2\/posts"}],"about":[{"href":"https:\/\/www.europesays.com\/ee\/wp-json\/wp\/v2\/types\/post"}],"author":[{"embeddable":true,"href":"https:\/\/www.europesays.com\/ee\/wp-json\/wp\/v2\/users\/2"}],"replies":[{"embeddable":true,"href":"https:\/\/www.europesays.com\/ee\/wp-json\/wp\/v2\/comments?post=269083"}],"version-history":[{"count":0,"href":"https:\/\/www.europesays.com\/ee\/wp-json\/wp\/v2\/posts\/269083\/revisions"}],"wp:featuredmedia":[{"embeddable":true,"href":"https:\/\/www.europesays.com\/ee\/wp-json\/wp\/v2\/media\/269084"}],"wp:attachment":[{"href":"https:\/\/www.europesays.com\/ee\/wp-json\/wp\/v2\/media?parent=269083"}],"wp:term":[{"taxonomy":"category","embeddable":true,"href":"https:\/\/www.europesays.com\/ee\/wp-json\/wp\/v2\/categories?post=269083"},{"taxonomy":"post_tag","embeddable":true,"href":"https:\/\/www.europesays.com\/ee\/wp-json\/wp\/v2\/tags?post=269083"}],"curies":[{"name":"wp","href":"https:\/\/api.w.org\/{rel}","templated":true}]}}