{"id":269113,"date":"2026-09-05T11:15:10","date_gmt":"2026-09-05T11:15:10","guid":{"rendered":"https:\/\/www.europesays.com\/ee\/269113\/"},"modified":"2026-09-05T11:15:10","modified_gmt":"2026-09-05T11:15:10","slug":"uute-autode-petlik-ostubuum-kaheksa-kuuga-muudi-rohkem-kui-mullu-kokku-ostjaid-tegelikult-vahe-2","status":"publish","type":"post","link":"https:\/\/www.europesays.com\/ee\/269113\/","title":{"rendered":"Uute autode petlik ostubuum. Kaheksa kuuga m\u00fc\u00fcdi rohkem kui mullu kokku, ostjaid tegelikult v\u00e4he"},"content":{"rendered":"<p><img decoding=\"async\" src=\"https:\/\/www.europesays.com\/ee\/wp-content\/uploads\/2026\/09\/1788606910_615_66b5d020-ad6b-11ec-afdb-a9205bbd5cc5.jpg\" loading=\"lazy\" alt=\" Augusti l\u00f5puks oli Eestis m\u00fc\u00fcdud 13 071 uut s\u00f5iduautot ehk 16 rohkem kui kogu eelmisel aastal. Suurt kasvu veavad aga peamiselt ettev\u00f5tted, autorendifirmad ja avaliku sektori hanked, mitte tagasi m\u00fc\u00fcgisalongidesse tulvanud eraostjad.\"\/><\/p>\n<p> Augusti l\u00f5puks oli Eestis m\u00fc\u00fcdud 13 071 uut s\u00f5iduautot ehk 16 rohkem kui kogu eelmisel aastal. Suurt kasvu veavad aga peamiselt ettev\u00f5tted, autorendifirmad ja avaliku sektori hanked, mitte tagasi m\u00fc\u00fcgisalongidesse tulvanud eraostjad.<\/p>\n<p>FOTO: Taavi Sepp| Delfi Meedia<\/p>\n<p>Autom\u00fc\u00fcgi tulemus k\u00f5lab nagu v\u00f5imas tagasitulek: augusti l\u00f5puks oli Eestis m\u00fc\u00fcdud rohkem uusi s\u00f5iduautosid kui mullu terve aasta jooksul. See ei t\u00e4henda siiski, et inimesed ummistaksid m\u00fc\u00fcgisalonge. Eraisikud ostavad endiselt v\u00e4he.<\/p>\n","protected":false},"excerpt":{"rendered":"Augusti l\u00f5puks oli Eestis m\u00fc\u00fcdud 13 071 uut s\u00f5iduautot ehk 16 rohkem kui kogu eelmisel aastal. Suurt kasvu&hellip;\n","protected":false},"author":2,"featured_media":269114,"comment_status":"","ping_status":"","sticky":false,"template":"","format":"standard","meta":{"footnotes":"","_share_on_mastodon":"0"},"categories":[14],"tags":[7189,131,642,130,37,33,35,11969,34,36,72310,17452,61371,7190],"class_list":["post-269113","post","type-post","status-publish","format-standard","has-post-thumbnail","category-ari","tag-amtel","tag-ari","tag-automaks","tag-business","tag-ee","tag-eesti","tag-eesti-keel","tag-elektriautod","tag-estonia","tag-estonian","tag-meelis-telliskivi","tag-registreerimistasu","tag-soiduautod","tag-uute-autode-muuk"],"share_on_mastodon":{"url":"https:\/\/pubeurope.com\/@ee\/117218150453425303","error":""},"_links":{"self":[{"href":"https:\/\/www.europesays.com\/ee\/wp-json\/wp\/v2\/posts\/269113","targetHints":{"allow":["GET"]}}],"collection":[{"href":"https:\/\/www.europesays.com\/ee\/wp-json\/wp\/v2\/posts"}],"about":[{"href":"https:\/\/www.europesays.com\/ee\/wp-json\/wp\/v2\/types\/post"}],"author":[{"embeddable":true,"href":"https:\/\/www.europesays.com\/ee\/wp-json\/wp\/v2\/users\/2"}],"replies":[{"embeddable":true,"href":"https:\/\/www.europesays.com\/ee\/wp-json\/wp\/v2\/comments?post=269113"}],"version-history":[{"count":0,"href":"https:\/\/www.europesays.com\/ee\/wp-json\/wp\/v2\/posts\/269113\/revisions"}],"wp:featuredmedia":[{"embeddable":true,"href":"https:\/\/www.europesays.com\/ee\/wp-json\/wp\/v2\/media\/269114"}],"wp:attachment":[{"href":"https:\/\/www.europesays.com\/ee\/wp-json\/wp\/v2\/media?parent=269113"}],"wp:term":[{"taxonomy":"category","embeddable":true,"href":"https:\/\/www.europesays.com\/ee\/wp-json\/wp\/v2\/categories?post=269113"},{"taxonomy":"post_tag","embeddable":true,"href":"https:\/\/www.europesays.com\/ee\/wp-json\/wp\/v2\/tags?post=269113"}],"curies":[{"name":"wp","href":"https:\/\/api.w.org\/{rel}","templated":true}]}}