{"id":269155,"date":"2026-09-05T12:12:11","date_gmt":"2026-09-05T12:12:11","guid":{"rendered":"https:\/\/www.europesays.com\/ee\/269155\/"},"modified":"2026-09-05T12:12:11","modified_gmt":"2026-09-05T12:12:11","slug":"ara-karda-kusida-%e2%9f%a9-miks-teadlastelt-tuleb-parida-ka-koige-elementaarsemaid-asju","status":"publish","type":"post","link":"https:\/\/www.europesays.com\/ee\/269155\/","title":{"rendered":"\u00c4RA KARDA K\u00dcSIDA \u27e9 Miks teadlastelt tuleb p\u00e4rida ka k\u00f5ige elementaarsemaid asju?"},"content":{"rendered":"<p>Elame ajastul, mida iseloomustab infom\u00fcra. Sotsiaalmeedias ja foorumites levivad kulutulena v\u00e4\u00e4rinfo, libateadus ja vanden\u00f5uteooriad, mis pakuvad lihtsaid ja emotsionaalselt laetud vastuseid keerulistele k\u00fcsimustele. Olgu teemaks vaktsiinide ohutus, kliimamuutuste p\u00f5hjused v\u00f5i tervisliku toitumise p\u00f5him\u00f5tted \u2013 igale teaduslikult t\u00f5estatud faktile leidub internetis k\u00fcmme m\u00fc\u00fcti.<\/p>\n<p>Selles olukorras on tekkinud ohtlik vaakum. Avalikkus kuuleb k\u00fcll teaduslikke termineid, kuid ei pruugi m\u00f5ista nende sisu. Hirm n\u00e4ida rumalana takistab aga paljusid k\u00fcsimast: \u00abAga miks ikkagi maakera on \u00fcmmargune?\u00bb<\/p>\n<p>Ei ole olemas rumalaid k\u00fcsimusi, eriti kui teemaks on meid \u00fcmbritseva maailma m\u00f5istmine. Teadlastel on kohustus ja vastutus astuda avalikkuse ette ning selgitada oma t\u00f6\u00f6d kannatlikult ja selgelt. Avalikkusel aga lasub v\u00f5imalus ja \u00f5igus k\u00fcsida, kahelda ja n\u00f5uda t\u00f5endusp\u00f5hiseid vastuseid. See kahepoolne dialoog on terve, kriitiliselt m\u00f5tleva ja eduka \u00fchiskonna vundament.<\/p>\n<p>Kuku raadio keskkonnasaates Ilmaparandaja hakkavad lugejate ja kuulajate saadetud k\u00fcsimustele vastama Eesti k\u00f5ige targemad teadlased.<\/p>\n<p>Esita k\u00fcsimus allolevas kastikeses v\u00f5i saada otse kiri aadressile ilmaparandaja@postimees.ee<\/p>\n","protected":false},"excerpt":{"rendered":"Elame ajastul, mida iseloomustab infom\u00fcra. Sotsiaalmeedias ja foorumites levivad kulutulena v\u00e4\u00e4rinfo, libateadus ja vanden\u00f5uteooriad, mis pakuvad lihtsaid ja&hellip;\n","protected":false},"author":2,"featured_media":269156,"comment_status":"","ping_status":"","sticky":false,"template":"","format":"standard","meta":{"footnotes":"","_share_on_mastodon":"0"},"categories":[12],"tags":[286,313,297,301,281,26,27,37,33,35,311,34,36,31,32,309,282,315,21,307,304,287,302,28,29,291,285,283,305,310,303,299,19,298,289,25,314,296,290,312,300,169,284,292,280,295,308,23,24,22,293,288,20,294,30,306],"class_list":["post-269155","post","type-post","status-publish","format-standard","has-post-thumbnail","category-eesti","tag-ajalugu","tag-antiigiaeg","tag-arheoloogia","tag-asteroid","tag-biograafia","tag-breaking-news","tag-breakingnews","tag-ee","tag-eesti","tag-eesti-keel","tag-elusloodus","tag-estonia","tag-estonian","tag-featured-news","tag-featurednews","tag-geneetika","tag-geograafia","tag-geoloogia","tag-headlines","tag-kaitumine","tag-keskkond","tag-kosmos","tag-kosmoselaev","tag-latest-news","tag-latestnews","tag-leiutaja","tag-loodus","tag-loodusteadus","tag-loomad","tag-malu","tag-nasa","tag-new-scientist","tag-news","tag-okoloogia","tag-planeet","tag-populaarseimad-lood","tag-pronksiaeg","tag-psuhholoogia","tag-rakett","tag-rauaaeg","tag-satelliit","tag-statistika","tag-tapisteadus","tag-teadlane","tag-teadus","tag-teadustoo","tag-tervis","tag-top-stories","tag-topstories","tag-uldised-uudised","tag-ulikool","tag-universum","tag-uudised","tag-uuring","tag-viimased-uudised","tag-zooloogia"],"share_on_mastodon":{"url":"","error":"Validation failed: Text character limit of 500 exceeded"},"_links":{"self":[{"href":"https:\/\/www.europesays.com\/ee\/wp-json\/wp\/v2\/posts\/269155","targetHints":{"allow":["GET"]}}],"collection":[{"href":"https:\/\/www.europesays.com\/ee\/wp-json\/wp\/v2\/posts"}],"about":[{"href":"https:\/\/www.europesays.com\/ee\/wp-json\/wp\/v2\/types\/post"}],"author":[{"embeddable":true,"href":"https:\/\/www.europesays.com\/ee\/wp-json\/wp\/v2\/users\/2"}],"replies":[{"embeddable":true,"href":"https:\/\/www.europesays.com\/ee\/wp-json\/wp\/v2\/comments?post=269155"}],"version-history":[{"count":0,"href":"https:\/\/www.europesays.com\/ee\/wp-json\/wp\/v2\/posts\/269155\/revisions"}],"wp:featuredmedia":[{"embeddable":true,"href":"https:\/\/www.europesays.com\/ee\/wp-json\/wp\/v2\/media\/269156"}],"wp:attachment":[{"href":"https:\/\/www.europesays.com\/ee\/wp-json\/wp\/v2\/media?parent=269155"}],"wp:term":[{"taxonomy":"category","embeddable":true,"href":"https:\/\/www.europesays.com\/ee\/wp-json\/wp\/v2\/categories?post=269155"},{"taxonomy":"post_tag","embeddable":true,"href":"https:\/\/www.europesays.com\/ee\/wp-json\/wp\/v2\/tags?post=269155"}],"curies":[{"name":"wp","href":"https:\/\/api.w.org\/{rel}","templated":true}]}}