{"id":269201,"date":"2026-09-05T13:27:12","date_gmt":"2026-09-05T13:27:12","guid":{"rendered":"https:\/\/www.europesays.com\/ee\/269201\/"},"modified":"2026-09-05T13:27:12","modified_gmt":"2026-09-05T13:27:12","slug":"plaadisoovitused-15-albumit-mille-labi-kuulamine-on-aarmiselt-vajalik","status":"publish","type":"post","link":"https:\/\/www.europesays.com\/ee\/269201\/","title":{"rendered":"PLAADISOOVITUSED | 15 albumit, mille l\u00e4bi kuulamine on \u00e4\u00e4rmiselt vajalik"},"content":{"rendered":"<p>Kas m\u00e4\u00e4ratlus \u201evajalik\u201c ka midagi p\u00e4riselt t\u00e4hendab? Ei oska \u00f6elda, veel ei tea, ning kuigi ebavajalik kunst tundub meeldivamgi, h\u00fcppab Delfi Kultuuri plaadisoovituste veerg vajalikkuse-rongile ja tutvustab vajalikke plaate tuntumatest nimedest <a rel=\"noopener nofollow\" target=\"_blank\" href=\"https:\/\/www.delfi.ee\/teema\/56504048\/erykah-badu\" tag-id=\"56504048\">Erykah Badult<\/a>, <a rel=\"noopener nofollow\" target=\"_blank\" href=\"https:\/\/www.delfi.ee\/teema\/44265197\/prince\" tag-id=\"44265197\">Prince<\/a>\u2019ilt, Turnstile\u2019ilt. Leiab ka n\u00e4rvis\u00fcsteemi proovile panevat elektroonikat ja n\u00e4rve maandavat souli.<\/p>\n","protected":false},"excerpt":{"rendered":"Kas m\u00e4\u00e4ratlus \u201evajalik\u201c ka midagi p\u00e4riselt t\u00e4hendab? Ei oska \u00f6elda, veel ei tea, ning kuigi ebavajalik kunst tundub&hellip;\n","protected":false},"author":2,"featured_media":269202,"comment_status":"","ping_status":"","sticky":false,"template":"","format":"standard","meta":{"footnotes":"","_share_on_mastodon":"0"},"categories":[16],"tags":[104123,90042,37,33,35,26849,173,92509,34,36,104125,140,104124,24106,39274],"class_list":["post-269201","post","type-post","status-publish","format-standard","has-post-thumbnail","category-meelelahutus","tag-ayra-starr","tag-delfi-kultuur-plaadisoovitused","tag-ee","tag-eesti","tag-eesti-keel","tag-elton-john","tag-entertainment","tag-erykah-badu","tag-estonia","tag-estonian","tag-mamu-thao","tag-meelelahutus","tag-nick-hakim","tag-plaadisoovitused","tag-prince"],"share_on_mastodon":{"url":"https:\/\/pubeurope.com\/@ee\/117218668844693224","error":""},"_links":{"self":[{"href":"https:\/\/www.europesays.com\/ee\/wp-json\/wp\/v2\/posts\/269201","targetHints":{"allow":["GET"]}}],"collection":[{"href":"https:\/\/www.europesays.com\/ee\/wp-json\/wp\/v2\/posts"}],"about":[{"href":"https:\/\/www.europesays.com\/ee\/wp-json\/wp\/v2\/types\/post"}],"author":[{"embeddable":true,"href":"https:\/\/www.europesays.com\/ee\/wp-json\/wp\/v2\/users\/2"}],"replies":[{"embeddable":true,"href":"https:\/\/www.europesays.com\/ee\/wp-json\/wp\/v2\/comments?post=269201"}],"version-history":[{"count":0,"href":"https:\/\/www.europesays.com\/ee\/wp-json\/wp\/v2\/posts\/269201\/revisions"}],"wp:featuredmedia":[{"embeddable":true,"href":"https:\/\/www.europesays.com\/ee\/wp-json\/wp\/v2\/media\/269202"}],"wp:attachment":[{"href":"https:\/\/www.europesays.com\/ee\/wp-json\/wp\/v2\/media?parent=269201"}],"wp:term":[{"taxonomy":"category","embeddable":true,"href":"https:\/\/www.europesays.com\/ee\/wp-json\/wp\/v2\/categories?post=269201"},{"taxonomy":"post_tag","embeddable":true,"href":"https:\/\/www.europesays.com\/ee\/wp-json\/wp\/v2\/tags?post=269201"}],"curies":[{"name":"wp","href":"https:\/\/api.w.org\/{rel}","templated":true}]}}