{"id":269211,"date":"2026-09-05T13:42:34","date_gmt":"2026-09-05T13:42:34","guid":{"rendered":"https:\/\/www.europesays.com\/ee\/269211\/"},"modified":"2026-09-05T13:42:34","modified_gmt":"2026-09-05T13:42:34","slug":"kellest-saab-kaitseminister-vseviovile-pole-kohta-pakutud-laanet-vaikib-delfi-4","status":"publish","type":"post","link":"https:\/\/www.europesays.com\/ee\/269211\/","title":{"rendered":"Kellest saab kaitseminister? Vseviovile pole kohta pakutud, Laanet vaikib &#8211; Delfi"},"content":{"rendered":"<ol>\n<li><a href=\"https:\/\/news.google.com\/rss\/articles\/CBMiSEFVX3lxTE5kaUt0cXo2anVwNXZFWDNmRWp3QjZYbG9Zd2ZYOXhwX1VYc2NTMDZ1WWFlZlNrOXYtbGVwNklGMW1iTkZqbzJSTA?oc=5\" target=\"_blank\" rel=\"nofollow noopener\">Kellest saab kaitseminister? Vseviovile pole kohta pakutud, Laanet vaikib<\/a>&nbsp;&nbsp;Delfi<\/li>\n<li><a href=\"https:\/\/news.google.com\/rss\/articles\/CBMihwFBVV95cUxOQUJsVnBLQmh5WkY5M2tiU3B6T3FBZFc4NkhDdURqTUM3SFNRTk9iZXIxZHlGbEFWSmZyUmUzUk5ia01kZXZiT2d6UjJFNlR1amx1N2ZLTWI0c2I0TkMxUjU4NUZfWS1hV3NCQmh0M1U3NzlELXZkdVJLY3J4cEQ3eFowdGlTdHM?oc=5\" target=\"_blank\" rel=\"nofollow noopener\">\u201c\u00c4rip\u00e4ev eetris\u201d: Pevkur tegi end m\u00e4rtriks<\/a>&nbsp;&nbsp;\u00c4rip\u00e4ev<\/li>\n<li><a href=\"https:\/\/news.google.com\/rss\/articles\/CBMiV0FVX3lxTE9QZWhaMjRSaVRlYWJESXI3clpJdGFjbjBXcUQzMHV6MDVFQlc4ZEwtVDNhdUIwMWNEUEJqUHhKX2RxUGs3X1BsMUFrR2RXdmNPcTFnRzcwSQ?oc=5\" target=\"_blank\" rel=\"nofollow noopener\">Tabamus olematu m\u00fcrsuga<\/a>&nbsp;&nbsp;Sirp<\/li>\n<li><a href=\"https:\/\/news.google.com\/rss\/articles\/CBMiwgFBVV95cUxNeHVqUXlBNndjS3JBS1Z3ZGFaU0NpUmwxV2s1S3g0amFtc19SVGZmNEJBRHNCbDNsWFNCWE1sdHRobjFQZ295Z05mZXhpMlJQWG1raTJrd0dpY3dxLTdkUGVRSHF5bUc0UUZHLTdZY1lSYTd0Z0xIb29aSkJZZVh3X3VoTVFtVUJYVktfVlJ3dUJfNjk2YXQzMXRmNGhWV3V6cFRJbzNkUzB1NW16YWI5VzNBYnlFS05nYUNhTEg1TkREQQ?oc=5\" target=\"_blank\" rel=\"nofollow noopener\">TULIPUNKT | Urmo Soonvald: Eesti kaitsmine muutus l\u00e4bipaistavamaks, aga ka\u2026 n\u00f5rgemaks<\/a>&nbsp;&nbsp;Delfi<\/li>\n<li><a href=\"https:\/\/news.google.com\/rss\/articles\/CBMizAFBVV95cUxOVHI5aU9YSlNQdlpSVUNFdDFJWnVmOWpqeVloeE9OQTFLTjBjUHZiYkhJOUx6WmhXNjFCY1pLZXM2ODNkc3VGd3hQSENCbWRCREMzeTcwYXBRcUlfbWQxU3pvTDQ5ZFpZc0MzSjdKT0t3ODV3ckU1QWNfNVRlUjNuQ1B4OWtqajlPRUYxZHR2d1cyMzgtd3JDQl9PVTVtQ2NkQjZLRjJ4azdxeW5yaXlqQmtNY01CTWhFQ1RSNjBRUEx2dkl0cV9KWEhmQlQ?oc=5\" target=\"_blank\" rel=\"nofollow noopener\">TV3 uudised: kaitseministeeriumi asekantsler Kaimo Kuusk j\u00e4tkab ametis: teeme asjad korda<\/a>&nbsp;&nbsp;tv3.ee<\/li>\n<\/ol>\n","protected":false},"excerpt":{"rendered":"Kellest saab kaitseminister? Vseviovile pole kohta pakutud, Laanet vaikib&nbsp;&nbsp;Delfi \u201c\u00c4rip\u00e4ev eetris\u201d: Pevkur tegi end m\u00e4rtriks&nbsp;&nbsp;\u00c4rip\u00e4ev Tabamus olematu m\u00fcrsuga&nbsp;&nbsp;Sirp&hellip;\n","protected":false},"author":2,"featured_media":269212,"comment_status":"","ping_status":"","sticky":false,"template":"","format":"standard","meta":{"footnotes":"","_share_on_mastodon":"0"},"categories":[12],"tags":[687,679,667,26,27,673,688,663,662,37,33,35,684,683,692,34,36,31,32,208,148,21,206,668,669,381,686,677,694,691,339,680,28,29,671,672,377,690,144,678,665,19,693,676,666,25,322,664,150,695,685,159,394,682,674,675,23,24,689,222,22,20,670,681,149,30],"class_list":["post-269211","post","type-post","status-publish","format-standard","has-post-thumbnail","category-eesti","tag-ajaviide","tag-autoleht","tag-blog","tag-breaking-news","tag-breakingnews","tag-cv","tag-date","tag-defli","tag-delfi","tag-ee","tag-eesti","tag-eesti-keel","tag-ekaart","tag-email","tag-erootika","tag-estonia","tag-estonian","tag-featured-news","tag-featurednews","tag-film","tag-foto","tag-headlines","tag-horoskoop","tag-ilm","tag-ilmaennustus","tag-internet","tag-kaart","tag-kava","tag-kindlustus","tag-kinnisvara","tag-kuulutused","tag-lasteleht","tag-latest-news","tag-latestnews","tag-loto","tag-majandus","tag-mangud","tag-mobiil","tag-muusika","tag-naisteleht","tag-naljad","tag-news","tag-otsing","tag-pank","tag-pilt","tag-populaarseimad-lood","tag-raadio","tag-reklaam","tag-seks","tag-sms","tag-solo","tag-sport","tag-tarkvara","tag-tasuta","tag-too","tag-toopakkumised","tag-top-stories","tag-topstories","tag-tutvus","tag-tv","tag-uldised-uudised","tag-uudised","tag-valimised","tag-valuuta","tag-video","tag-viimased-uudised"],"share_on_mastodon":{"url":"","error":"Validation failed: Text character limit of 500 exceeded"},"_links":{"self":[{"href":"https:\/\/www.europesays.com\/ee\/wp-json\/wp\/v2\/posts\/269211","targetHints":{"allow":["GET"]}}],"collection":[{"href":"https:\/\/www.europesays.com\/ee\/wp-json\/wp\/v2\/posts"}],"about":[{"href":"https:\/\/www.europesays.com\/ee\/wp-json\/wp\/v2\/types\/post"}],"author":[{"embeddable":true,"href":"https:\/\/www.europesays.com\/ee\/wp-json\/wp\/v2\/users\/2"}],"replies":[{"embeddable":true,"href":"https:\/\/www.europesays.com\/ee\/wp-json\/wp\/v2\/comments?post=269211"}],"version-history":[{"count":0,"href":"https:\/\/www.europesays.com\/ee\/wp-json\/wp\/v2\/posts\/269211\/revisions"}],"wp:featuredmedia":[{"embeddable":true,"href":"https:\/\/www.europesays.com\/ee\/wp-json\/wp\/v2\/media\/269212"}],"wp:attachment":[{"href":"https:\/\/www.europesays.com\/ee\/wp-json\/wp\/v2\/media?parent=269211"}],"wp:term":[{"taxonomy":"category","embeddable":true,"href":"https:\/\/www.europesays.com\/ee\/wp-json\/wp\/v2\/categories?post=269211"},{"taxonomy":"post_tag","embeddable":true,"href":"https:\/\/www.europesays.com\/ee\/wp-json\/wp\/v2\/tags?post=269211"}],"curies":[{"name":"wp","href":"https:\/\/api.w.org\/{rel}","templated":true}]}}