{"id":269213,"date":"2026-09-05T13:50:16","date_gmt":"2026-09-05T13:50:16","guid":{"rendered":"https:\/\/www.europesays.com\/ee\/269213\/"},"modified":"2026-09-05T13:50:16","modified_gmt":"2026-09-05T13:50:16","slug":"otsepilt-kas-vaprus-saab-unitedilt-revansi-viidas-pohis-avavile-kell-17-00-soccernet-ee","status":"publish","type":"post","link":"https:\/\/www.europesays.com\/ee\/269213\/","title":{"rendered":"OTSEPILT: kas Vaprus saab Unitedilt revan\u0161i? (Viidas p\u00f5his, avavile kell 17.00!) &#8211; Soccernet.ee"},"content":{"rendered":"<p>&#13;\n<\/p>\n<p>Premium liiga 26. voor viib vastamisi P\u00e4rnu Vapruse ja N\u00f5mme Unitedi. Soccernet TV n\u00e4itab P\u00e4rnu Rannastaadionil kell 17.00 algavat kohtumist otsepildis.<\/p>\n<p>Samad meeskonnad kohtusid kolmap\u00e4eval, kui United sai koduv\u00e4ljakul karikav\u00f5istluste 1\/8-finaalis 3:2 v\u00f5idu. Kui <a href=\"https:\/\/soccernet.ee\/artikkel\/ohuke-jaa-nomme-united-oli-juba-cisakowskit-vallandamas-kuid-poolakas-jai-praeguseks-pukki\" target=\"https:\/\/soccernet.ee\/artikkel\/ohuke-jaa-nomme-united-oli-juba-cisakowskit-vallandamas-kuid-poolakas-jai-praeguseks-pukki\" rel=\"nofollow noopener\">vallandamisohus Unitedi peatreener Slawomir Cisakowski<\/a> kasutas oma tugevaimat koosseisu, siis Vapruse juhendaja Igor Prins tegi eelmise liigam\u00e4nguga v\u00f5rreldes algkoosseisus seitse vahetust.&#13;\n<\/p>\n<p>Lisaks kolmap\u00e4evasele karikam\u00e4ngule on United m\u00f5lemad t\u00e4navused liigam\u00e4ngud Vapruse vastu v\u00f5itnud &#8211; m\u00e4rtsi keskel Sportland Arenal 7:1 ja mai alguses P\u00e4rnu Rehepapi kunstmuruv\u00e4ljakul 3:2.&#13;\n<\/p>\n<p>Vaprus ja United heitlevad Premium liigasse p\u00fcsimaj\u00e4\u00e4mise nimel, olles kogunud vastavalt 28 ja 25 punkti. United on viimased viis liigam\u00e4ngu kaotanud ja Vaprus teeninud vaid kaks punkti.\u00a0&#13;\n<\/p>\n<p>V\u00e4ljakukohtunik<\/p>\n<p>Jagnar Jakobson<\/p>\n<p>1. abikohtunik<\/p>\n<p>Sander J\u00fcrjens<\/p>\n<p>2. abikohtunik<\/p>\n<p>Liisa Liesment<\/p>\n<p>4. kohtunik<\/p>\n<p>Denis N\u00f5mm<\/p>\n<p>Videokohtunik<\/p>\n<p>Reelika Turi<\/p>\n<p>Abivideokohtunik<\/p>\n<p>Karl Kena<\/p>\n<p>P: 28 (V\u00f5: 8 Vi: 4 Ka: 12 ) VV: 33:46<\/p>\n<p>P: 25 (V\u00f5: 8 Vi: 1 Ka: 16 ) VV: 42:60<\/p>\n<p>                           Henri V\u00e4lja 8<\/p>\n<p>                           Matthias Limberg 7<\/p>\n<p>                           Sten Jakob Viidas 4<\/p>\n<p>                           Rasmus Orm 3<\/p>\n<p>                           Kevin Aloe 2<\/p>\n<p>                         Zakaria Beglari\u0161vili 8<\/p>\n<p>                         Andre Frolov 5<\/p>\n<p>                         Egert \u00d5unapuu 4<\/p>\n<p>                         Benjamine Chisala 4<\/p>\n<p>                         Dacosta Owusu 4<\/p>\n<p>                           Tristan Pajo 5<\/p>\n<p>                           Kevin Aloe 4<\/p>\n<p>                           Matthias Limberg 3<\/p>\n<p>                           Sander Kapper 2<\/p>\n<p>                           Virgo Vallik 2<\/p>\n<p>                         Zakaria Beglari\u0161vili 8<\/p>\n<p>                         Henri J\u00e4rvelaid 4<\/p>\n<p>                         Kevin M\u00e4tas 4<\/p>\n<p>                         Andre Frolov 3<\/p>\n<p>                         Benjamine Chisala 3<\/p>\n<p>                             Sander Kapper<\/p>\n<p>                             Joosep P\u00f5der<\/p>\n<p>                             Kevin Aloe<\/p>\n<p>                             Mathias Villota\u00a0<\/p>\n<p>                             Matthias Limberg<\/p>\n<p>                             Karl L\u00e4\u00e4nelaid<\/p>\n<p>                             Aleksandr Alteberg<\/p>\n<p>                             Ricky  Chanda<\/p>\n<p>VIIMASED OMAVAHELISED M\u00c4NGUD<\/p>\n<p><img decoding=\"async\" src=\"https:\/\/www.europesays.com\/ee\/wp-content\/uploads\/2026\/09\/1788616216_883_vivatbet_logo_dark.png\" style=\"height: auto; width: auto; max-height: 30px;\" alt=\"\"\/><\/p>\n<p>Vapruse v\u00f5it 2,24<\/p>\n<p>viik 3,48<\/p>\n<p><img decoding=\"async\" src=\"https:\/\/www.europesays.com\/ee\/wp-content\/uploads\/2026\/09\/1788616216_883_vivatbet_logo_dark.png\" style=\"height: auto; width: auto; max-height: 30px;\" alt=\"\"\/><\/p>\n<p>Unitedi v\u00f5it 2,74<\/p>\n<p>viik 3,48<\/p>\n","protected":false},"excerpt":{"rendered":"&#13; Premium liiga 26. voor viib vastamisi P\u00e4rnu Vapruse ja N\u00f5mme Unitedi. Soccernet TV n\u00e4itab P\u00e4rnu Rannastaadionil kell&hellip;\n","protected":false},"author":2,"featured_media":269214,"comment_status":"","ping_status":"","sticky":false,"template":"","format":"standard","meta":{"footnotes":"","_share_on_mastodon":"0"},"categories":[18],"tags":[37,33,35,34,36,3971,837,1813,2470,4106,1620,1621,167,159,158,2331,1622],"class_list":["post-269213","post","type-post","status-publish","format-standard","has-post-thumbnail","category-sport","tag-ee","tag-eesti","tag-eesti-keel","tag-estonia","tag-estonian","tag-fc-nomme-united","tag-meistriliiga","tag-nomme-united","tag-otsepilt","tag-otseulekanne","tag-parnu-jk-vaprus","tag-parnu-vaprus","tag-premium-liiga","tag-sport","tag-sports","tag-united","tag-vaprus"],"share_on_mastodon":{"url":"https:\/\/pubeurope.com\/@ee\/117218759881727972","error":""},"_links":{"self":[{"href":"https:\/\/www.europesays.com\/ee\/wp-json\/wp\/v2\/posts\/269213","targetHints":{"allow":["GET"]}}],"collection":[{"href":"https:\/\/www.europesays.com\/ee\/wp-json\/wp\/v2\/posts"}],"about":[{"href":"https:\/\/www.europesays.com\/ee\/wp-json\/wp\/v2\/types\/post"}],"author":[{"embeddable":true,"href":"https:\/\/www.europesays.com\/ee\/wp-json\/wp\/v2\/users\/2"}],"replies":[{"embeddable":true,"href":"https:\/\/www.europesays.com\/ee\/wp-json\/wp\/v2\/comments?post=269213"}],"version-history":[{"count":0,"href":"https:\/\/www.europesays.com\/ee\/wp-json\/wp\/v2\/posts\/269213\/revisions"}],"wp:featuredmedia":[{"embeddable":true,"href":"https:\/\/www.europesays.com\/ee\/wp-json\/wp\/v2\/media\/269214"}],"wp:attachment":[{"href":"https:\/\/www.europesays.com\/ee\/wp-json\/wp\/v2\/media?parent=269213"}],"wp:term":[{"taxonomy":"category","embeddable":true,"href":"https:\/\/www.europesays.com\/ee\/wp-json\/wp\/v2\/categories?post=269213"},{"taxonomy":"post_tag","embeddable":true,"href":"https:\/\/www.europesays.com\/ee\/wp-json\/wp\/v2\/tags?post=269213"}],"curies":[{"name":"wp","href":"https:\/\/api.w.org\/{rel}","templated":true}]}}