{"id":269231,"date":"2026-09-05T14:24:13","date_gmt":"2026-09-05T14:24:13","guid":{"rendered":"https:\/\/www.europesays.com\/ee\/269231\/"},"modified":"2026-09-05T14:24:13","modified_gmt":"2026-09-05T14:24:13","slug":"usa-korraldas-laskemoonapuuduse-lekke-tottu-sojavaelastele-valedetektori-testi","status":"publish","type":"post","link":"https:\/\/www.europesays.com\/ee\/269231\/","title":{"rendered":"USA korraldas laskemoonapuuduse lekke t\u00f5ttu s\u00f5jav\u00e4elastele valedetektori testi"},"content":{"rendered":"<p>Pol\u00fcgraafiteste, mis puudutasid lekitatud infot Patrioti rakettide ja pikamaarakettide puuduj\u00e4\u00e4gi kohta, viisid l\u00e4bi s\u00f5jav\u00e4e uurijad. F\u00f6deraalse Juurdlusb\u00fcroo (FBI) uurijaid sellesse ei kaasatud, vahendab CBS News.<\/p>\n<p>V\u00e4idetavalt testiti president <a rel=\"noopener nofollow\" target=\"_blank\" href=\"https:\/\/www.delfi.ee\/teema\/32758637\/donald-trump\" tag-id=\"32758637\">Donald Trumpi<\/a> n\u00f5ustavaid k\u00f5rgeid s\u00f5jav\u00e4elisi juhte, kelle hulka kuuluvad USA Keskv\u00e4ejuhatuse ametnikud ja teiste lahingu\u00fcksuste komand\u00f6rid. M\u00f5ned k\u00f5rgeimad juhid aga p\u00e4\u00e4sesid testist, n\u00e4iteks USA staabi\u00fclemate \u00fchendkomitee juht kindral Dan Caine, r\u00e4\u00e4kisid allikad.<\/p>\n<p>Testik\u00fcsimused puudutasid mitmesuguseid riikliku julgeolekuga seotud teemasid. K\u00f5ik ametnikud l\u00e4bisid k\u00fcsimused, mille eesm\u00e4rk oli selgitada v\u00e4lja info lekitaja.<\/p>\n<p>Pol\u00fcgraafitestid on sageli salajasele teabele ligip\u00e4\u00e4su omavate k\u00f5rgete ametnike t\u00f6\u00f6rutiini osa. Juurdep\u00e4\u00e4suloa kinnitamiseks tehakse teste iga paari aasta tagant. Allikate s\u00f5nul oli aga antud juhul testimisele kutsutud inimeste tohutu hulk \u00e4\u00e4rmiselt haruldane. <\/p>\n<p>Pentagoni pressiesindaja Sean Parnell ei kinnitanud testide toimumist, kuid m\u00e4rkis, et nad suhtuvad salastatud andmete lekitamisse \u00e4\u00e4rmiselt t\u00f5siselt ja uurivad seda vastavalt reeglitele.<\/p>\n<p>Teadete kohaselt on USA president Donald Trump teabe avalikustamise p\u00e4rast vihane. President ise on eitanud igasugust laskemoonapuudust ja nimetanud teateid selle kohta reetlikeks ja v\u00f5ltsuudisteks. Ta hoiatas v\u00e4idete allikaid, et nad tabatakse ja neile m\u00e4\u00e4ratakse karmid vanglakaristused.<\/p>\n<p>Kaitseminister <a rel=\"noopener nofollow\" target=\"_blank\" href=\"https:\/\/www.delfi.ee\/teema\/96865140\/pete-hegseth\" tag-id=\"96865140\">Pete Hegseth<\/a> teatas juulis, et Pentagon ja justiitsministeerium on moodustanud \u00fchise t\u00f6\u00f6r\u00fchma, et tuvastada ja v\u00f5tta vastutusele isikuid, keda kahtlustatakse tundliku teabe lekitamises ajakirjandusele.<\/p>\n<p>Kuidas see lugu Sind end tundma pani?Saada<a href=\"https:\/\/www.delfi.ee\/artikkel\/120608614\/usa-korraldas-laskemoonapuuduse-lekke-tottu-sojavaelastele-valedetektori-testi\/kommentaarid\" class=\"button button--primary button--size-auto article-body-bottom__comment article-body-bottom__comment--write\" style=\"\" rel=\"nofollow noopener\" target=\"_blank\">Kommenteeri<\/a><a href=\"https:\/\/www.delfi.ee\/artikkel\/120608614\/usa-korraldas-laskemoonapuuduse-lekke-tottu-sojavaelastele-valedetektori-testi\/kommentaarid\" class=\"button button--size-auto article-body-bottom__comment article-body-bottom__comment--read\" style=\"\" rel=\"nofollow noopener\" target=\"_blank\">Loe kommentaare (3)<\/a><\/p>\n","protected":false},"excerpt":{"rendered":"Pol\u00fcgraafiteste, mis puudutasid lekitatud infot Patrioti rakettide ja pikamaarakettide puuduj\u00e4\u00e4gi kohta, viisid l\u00e4bi s\u00f5jav\u00e4e uurijad. F\u00f6deraalse Juurdlusb\u00fcroo (FBI)&hellip;\n","protected":false},"author":2,"featured_media":269232,"comment_status":"","ping_status":"","sticky":false,"template":"","format":"standard","meta":{"footnotes":"","_share_on_mastodon":"0"},"categories":[14],"tags":[131,130,324,37,33,35,34,36,460,1205,325],"class_list":["post-269231","post","type-post","status-publish","format-standard","has-post-thumbnail","category-ari","tag-ari","tag-business","tag-donald-trump","tag-ee","tag-eesti","tag-eesti-keel","tag-estonia","tag-estonian","tag-pentagon","tag-pete-hegseth","tag-usa"],"share_on_mastodon":{"url":"https:\/\/pubeurope.com\/@ee\/117218893027076745","error":""},"_links":{"self":[{"href":"https:\/\/www.europesays.com\/ee\/wp-json\/wp\/v2\/posts\/269231","targetHints":{"allow":["GET"]}}],"collection":[{"href":"https:\/\/www.europesays.com\/ee\/wp-json\/wp\/v2\/posts"}],"about":[{"href":"https:\/\/www.europesays.com\/ee\/wp-json\/wp\/v2\/types\/post"}],"author":[{"embeddable":true,"href":"https:\/\/www.europesays.com\/ee\/wp-json\/wp\/v2\/users\/2"}],"replies":[{"embeddable":true,"href":"https:\/\/www.europesays.com\/ee\/wp-json\/wp\/v2\/comments?post=269231"}],"version-history":[{"count":0,"href":"https:\/\/www.europesays.com\/ee\/wp-json\/wp\/v2\/posts\/269231\/revisions"}],"wp:featuredmedia":[{"embeddable":true,"href":"https:\/\/www.europesays.com\/ee\/wp-json\/wp\/v2\/media\/269232"}],"wp:attachment":[{"href":"https:\/\/www.europesays.com\/ee\/wp-json\/wp\/v2\/media?parent=269231"}],"wp:term":[{"taxonomy":"category","embeddable":true,"href":"https:\/\/www.europesays.com\/ee\/wp-json\/wp\/v2\/categories?post=269231"},{"taxonomy":"post_tag","embeddable":true,"href":"https:\/\/www.europesays.com\/ee\/wp-json\/wp\/v2\/tags?post=269231"}],"curies":[{"name":"wp","href":"https:\/\/api.w.org\/{rel}","templated":true}]}}