{"id":269283,"date":"2026-09-05T15:43:14","date_gmt":"2026-09-05T15:43:14","guid":{"rendered":"https:\/\/www.europesays.com\/ee\/269283\/"},"modified":"2026-09-05T15:43:14","modified_gmt":"2026-09-05T15:43:14","slug":"narva-koolidirektor-joudis-ametis-olla-kumme-paeva-vaarmann-lahkumine-pidi-olema-isiklik-otsus","status":"publish","type":"post","link":"https:\/\/www.europesays.com\/ee\/269283\/","title":{"rendered":"Narva koolidirektor j\u00f5udis ametis olla k\u00fcmme p\u00e4eva. Vaarmann: lahkumine pidi olema isiklik otsus"},"content":{"rendered":"<p>Narva endine linnapea Katri Raik tegi t\u00e4na sotsiaalmeediasse postituse, kus s\u00f5nas, et Narva keeltel\u00fctseumi uus koolijuht survestati lahkuma. Direktor Svetlana Raudonen astus ametisse 24. augustil, mis t\u00e4hendab, et ta j\u00f5udis ametis olla k\u00fcmme p\u00e4eva. Raiki v\u00e4itel asub l\u00e4hin\u00e4dalatel tema asemele endine direktor Nade\u017eda T\u0161erka\u0161ina, kelle eelmine linnav\u00f5im mais vallandas. <\/p>\n<p>Raudonen r\u00e4\u00e4kis <a rel=\"noopener follow nofollow\" target=\"_blank\" href=\"https:\/\/pohjarannik.postimees.ee\/8540124\/narva-keeltelutseumi-uus-direktor-pusis-ametis-kumme-paeva\" data-rel-date-range=\"[]\">P\u00f5hjarannikule<\/a>, et 3. septembril nahutas linna kultuuriosakond ta eba\u00f5iglaselt t\u00f6\u00f6alaste puuduj\u00e4\u00e4kide eest l\u00e4bi ning samal \u00f5htul esitas ta linnapea Jaan Tootsile (Keskerakond) lahkumisavalduse. <\/p>\n<p><a href=\"https:\/\/www.delfi.ee\/artikkel\/120608606\/narva-koolidirektor-joudis-ametis-olla-kumme-paeva-vaarmann-lahkumine-pidi-olema-isiklik-otsus\/kommentaarid\" class=\"button button--primary button--size-auto article-body-bottom__comment article-body-bottom__comment--write\" style=\"\" rel=\"nofollow noopener\" target=\"_blank\">Kommenteeri<\/a><a href=\"https:\/\/www.delfi.ee\/artikkel\/120608606\/narva-koolidirektor-joudis-ametis-olla-kumme-paeva-vaarmann-lahkumine-pidi-olema-isiklik-otsus\/kommentaarid\" class=\"button button--size-auto article-body-bottom__comment article-body-bottom__comment--read\" style=\"\" rel=\"nofollow noopener\" target=\"_blank\">Loe kommentaare (18)<\/a><\/p>\n","protected":false},"excerpt":{"rendered":"Narva endine linnapea Katri Raik tegi t\u00e4na sotsiaalmeediasse postituse, kus s\u00f5nas, et Narva keeltel\u00fctseumi uus koolijuht survestati lahkuma.&hellip;\n","protected":false},"author":2,"featured_media":269284,"comment_status":"","ping_status":"","sticky":false,"template":"","format":"standard","meta":{"footnotes":"","_share_on_mastodon":"0"},"categories":[12],"tags":[687,679,667,26,27,673,688,663,662,37,33,35,684,683,692,34,36,31,32,208,148,21,206,668,669,381,686,677,694,691,339,680,28,29,671,672,377,690,144,678,665,19,693,676,666,25,322,664,150,695,685,159,394,682,674,675,23,24,689,222,22,20,670,681,149,30],"class_list":["post-269283","post","type-post","status-publish","format-standard","has-post-thumbnail","category-eesti","tag-ajaviide","tag-autoleht","tag-blog","tag-breaking-news","tag-breakingnews","tag-cv","tag-date","tag-defli","tag-delfi","tag-ee","tag-eesti","tag-eesti-keel","tag-ekaart","tag-email","tag-erootika","tag-estonia","tag-estonian","tag-featured-news","tag-featurednews","tag-film","tag-foto","tag-headlines","tag-horoskoop","tag-ilm","tag-ilmaennustus","tag-internet","tag-kaart","tag-kava","tag-kindlustus","tag-kinnisvara","tag-kuulutused","tag-lasteleht","tag-latest-news","tag-latestnews","tag-loto","tag-majandus","tag-mangud","tag-mobiil","tag-muusika","tag-naisteleht","tag-naljad","tag-news","tag-otsing","tag-pank","tag-pilt","tag-populaarseimad-lood","tag-raadio","tag-reklaam","tag-seks","tag-sms","tag-solo","tag-sport","tag-tarkvara","tag-tasuta","tag-too","tag-toopakkumised","tag-top-stories","tag-topstories","tag-tutvus","tag-tv","tag-uldised-uudised","tag-uudised","tag-valimised","tag-valuuta","tag-video","tag-viimased-uudised"],"share_on_mastodon":{"url":"","error":"Validation failed: Text character limit of 500 exceeded"},"_links":{"self":[{"href":"https:\/\/www.europesays.com\/ee\/wp-json\/wp\/v2\/posts\/269283","targetHints":{"allow":["GET"]}}],"collection":[{"href":"https:\/\/www.europesays.com\/ee\/wp-json\/wp\/v2\/posts"}],"about":[{"href":"https:\/\/www.europesays.com\/ee\/wp-json\/wp\/v2\/types\/post"}],"author":[{"embeddable":true,"href":"https:\/\/www.europesays.com\/ee\/wp-json\/wp\/v2\/users\/2"}],"replies":[{"embeddable":true,"href":"https:\/\/www.europesays.com\/ee\/wp-json\/wp\/v2\/comments?post=269283"}],"version-history":[{"count":0,"href":"https:\/\/www.europesays.com\/ee\/wp-json\/wp\/v2\/posts\/269283\/revisions"}],"wp:featuredmedia":[{"embeddable":true,"href":"https:\/\/www.europesays.com\/ee\/wp-json\/wp\/v2\/media\/269284"}],"wp:attachment":[{"href":"https:\/\/www.europesays.com\/ee\/wp-json\/wp\/v2\/media?parent=269283"}],"wp:term":[{"taxonomy":"category","embeddable":true,"href":"https:\/\/www.europesays.com\/ee\/wp-json\/wp\/v2\/categories?post=269283"},{"taxonomy":"post_tag","embeddable":true,"href":"https:\/\/www.europesays.com\/ee\/wp-json\/wp\/v2\/tags?post=269283"}],"curies":[{"name":"wp","href":"https:\/\/api.w.org\/{rel}","templated":true}]}}