{"id":269309,"date":"2026-09-05T16:16:33","date_gmt":"2026-09-05T16:16:33","guid":{"rendered":"https:\/\/www.europesays.com\/ee\/269309\/"},"modified":"2026-09-05T16:16:33","modified_gmt":"2026-09-05T16:16:33","slug":"liit-poordus-kodus-kukkunud-eakate-aitamise-segaduse-tottu-peaministri-ja-riigikogu-sotsiaalkomisjoni-poole","status":"publish","type":"post","link":"https:\/\/www.europesays.com\/ee\/269309\/","title":{"rendered":"Liit p\u00f6\u00f6rdus kodus kukkunud eakate aitamise segaduse t\u00f5ttu peaministri ja riigikogu sotsiaalkomisjoni poole"},"content":{"rendered":"<p>ELVL-i hinnangul ei ole seni selge, kes peab appi minema inimesele, kes on kodus kukkunud, ise p\u00fcsti ei saa, kuid kelle seisund ei vaja kiirabi, p\u00e4\u00e4ste v\u00f5i politsei sekkumist. <\/p>\n<p>Siseministeerium teatas suve l\u00f5pus, et alates 1. septembrist ei saadeta politseid enam esimese reageerijana v\u00e4ljakutsetele, kus kodus kukkunud inimene vajab p\u00fcsti aitamist ja politsei sekkumist n\u00f5udvat ohtu ei ole. ELVL-i s\u00f5nul ei eelnenud sellele riigi ja kohalike omavalitsuste kokkulepet, kuidas sellistele juhtumitele edaspidi reageeritakse. <\/p>\n<p><a href=\"http:\/\/www.delfi.ee\/artikkel\/120604468\/riik-pole-endiselt-suutnud-selgeks-teha-kes-peaks-kodus-kukkunud-eakat-inimest-aitama#dalrel-in-article\" class=\"content-embedded-articles-double__embedded-article\" data-v-a517420a=\"\" rel=\"nofollow noopener\" target=\"_blank\"><\/p>\n<p>23.08.2026<\/p>\n<p>Riik pole endiselt suutnud selgeks teha, kes peaks kodus kukkunud eakat inimest aitama(176)<\/p>\n<p><\/a><a href=\"http:\/\/www.delfi.ee\/artikkel\/120606316\/sugisest-ei-soida-politsei-esimesena-kodus-kukkunud-eakaid-aitama-sotsiaalminister-joller-see-ei-saa-jaada-ainult-kiirabi-ulesandeks#dalrel-in-article\" class=\"content-embedded-articles-double__embedded-article\" data-v-a517420a=\"\" rel=\"nofollow noopener\" target=\"_blank\"><\/p>\n<p>26.08.2026<\/p>\n<p>S\u00fcgisest ei s\u00f5ida politsei esimesena kodus kukkunud eakaid aitama. Sotsiaalminister Joller: see ei saa j\u00e4\u00e4da ainult kiirabi \u00fclesandeks(67)<\/p>\n<p><\/a><\/p>\n<p>Liidu tegevdirektor Veikko Luhalaid kohtus 1. septembril siseminister Igor Taroga (Eesti 200), et selgitada kohalike omavalitsuste \u00fclesandeid ja vastutust. ELVL-i hinnangul ei toonud kohtumine siiski lahendust. Seet\u00f5ttu p\u00f6\u00f6rdus liit n\u00fc\u00fcd peaministri ja riigikogu sotsiaalkomisjoni poole. <\/p>\n<p>\u201ePraegu on k\u00f5ige olulisem saada selgus, kes inimesele appi l\u00e4heb. Politsei reageerimine on siseministeeriumi teavituse p\u00f5hjal muutunud, kuid uut kokkulepitud s\u00fcsteemi selle asemele ei ole,\u201c \u00fctles Luhalaid. <\/p>\n<p>H\u00e4irekeskus k\u00fcsib omavalitsustelt kontakte <\/p>\n<p>Omavalitsustes tekitas lisak\u00fcsimusi h\u00e4irekeskuse 27. augustil saadetud kiri, milles paluti linnadel ja valdadel esitada kontaktid, kellele saab kodus kukkunud inimest puudutava juhtumi kohta infot edastada, et omavalitsus saaks operatiivselt reageerida. Samas m\u00e4rkis h\u00e4irekeskus, et kui tegemist ei ole kiirabi, p\u00e4\u00e4ste v\u00f5i politsei abi vajava juhtumiga, ei ole keskusel alati v\u00f5imalik inimesele operatiivselt abi saata. <\/p>\n<p>ELVL-i poole p\u00f6\u00f6rdunud omavalitsustele j\u00e4i ebaselgeks, kas neilt eeldatakse \u00f6\u00f6p\u00e4evaringset reageerimisv\u00f5imekust, kes peab abi korraldama v\u00e4ljaspool tavap\u00e4rast t\u00f6\u00f6aega ning kas igal omavalitsusel tuleb luua oma lahendus. <\/p>\n<p>H\u00e4irekeskus saatis sama sisuga kirju omavalitsustele ka 2. septembril. <\/p>\n<p>ELVL-i hinnangul ei saa h\u00e4irekeskusele kontaktide edastamisest kujuneda vaikimisi uus 24\/7 operatiivne kohustus kohalikele omavalitsustele. <\/p>\n<p><a href=\"http:\/\/www.delfi.ee\/artikkel\/120607667\/omavalitsused-muretsevad-kes-hakkab-kodus-kukkunud-eakaid-aitama-kellelgi-pole-selleks-veel-valmidust#dalrel-in-article\" class=\"content-embedded-articles-single__embedded-article\" data-v-6f4d311d=\"\" rel=\"nofollow noopener\" target=\"_blank\"><\/p>\n<p>01.09.2026<\/p>\n<p>Omavalitsused muretsevad, kes hakkab kodus kukkunud eakaid aitama: kellelgi pole selleks veel valmidust(53)<\/p>\n<p><\/a><\/p>\n<p>Liit: omavalitsused ei ole 112 operatiivteenistus <\/p>\n<p>ELVL r\u00f5hutab, et kohaliku omavalitsuse \u00fclesanne on korraldada sotsiaalhoolekannet. See h\u00f5lmab inimese abivajaduse hindamist, sotsiaalteenuste ja toetuste korraldamist ning vajadusel v\u00e4ltimatu sotsiaalabi andmist. Sellest ei tulene aga liidu hinnangul kohustust pidada \u00fcleval \u00f6\u00f6p\u00e4evaringset operatiiv\u00fcksust, mis reageerib 112 kaudu saabunud kukkumisv\u00e4ljakutsetele. <\/p>\n<p>\u201eKui inimesel on korduv v\u00f5i s\u00fcvenev abivajadus, peab see info omavalitsuseni j\u00f5udma. Siis saab sotsiaalt\u00f6\u00f6taja hinnata tema olukorda ja korraldada vajaliku abi. See ei ole aga sama mis \u00f6\u00f6p\u00e4evaringne v\u00e4ljas\u00f5it 112 k\u00f5ne peale,\u201c \u00fctles Luhalaid. <\/p>\n<p>Liit viitab p\u00f5hiseadusele, mille j\u00e4rgi v\u00f5ib kohalikule omavalitsusele riiklikke kohustusi panna seaduse alusel v\u00f5i kokkuleppel ning nende t\u00e4itmisega seotud kulud tuleb katta riigieelarvest. <\/p>\n<p>ELVL-i hinnangul oleks 24\/7 operatiivse reageerimise kohustus omavalitsuste jaoks uus \u00fclesanne. Kui riik soovib sellise \u00fclesande omavalitsustele anda, tuleb selleks luua \u00f5iguslik alus, kaasata omavalitsused lahenduse v\u00e4ljat\u00f6\u00f6tamisse ning tagada vajalik rahastus. <\/p>\n<p>Augustis veel kokkulepitud lahendust ei olnud <\/p>\n<p>20. m\u00e4rtsil oli k\u00fcsimus siseministeeriumi ning ELVL-i alalise elanikkonnakaitse, kriisideks valmisoleku ja siseturvalisuse t\u00f6\u00f6r\u00fchma p\u00e4evakorras. Seal lepiti kokku, et sotsiaalministeerium koostab olukorra kohta anal\u00fc\u00fcsi ning kaasab sellesse ka kohalikud omavalitsused. Anal\u00fc\u00fcs valmis mais. <\/p>\n<p>Veel 25. augustil toimunud sotsiaalministeeriumi ja kohalike omavalitsuste kohtumisel kinnitati ELVL-i s\u00f5nul, et uut kokkulepitud lahendust kodus kukkunud inimeste abistamiseks ei ole. P\u00e4ev hiljem teatas siseministeerium pressiteates politsei reageerimise muutmisest alates 1. septembrist. <\/p>\n<p>ELVL soovib n\u00fc\u00fcd peaministrilt ja riigikogu sotsiaalkomisjonilt kaasabi, et tekkinud olukorrale leida kiiresti lahendus, et oleks \u00fcheselt arusaadav, kuidas kodus kukkunud inimeste vahetu abistamine edaspidi korraldatakse. <\/p>\n<p>Kuidas see lugu Sind end tundma pani?Saada<a href=\"https:\/\/www.delfi.ee\/artikkel\/120608340\/liit-poordus-kodus-kukkunud-eakate-aitamise-segaduse-tottu-peaministri-ja-riigikogu-sotsiaalkomisjoni-poole\/kommentaarid\" class=\"button button--primary button--size-auto article-body-bottom__comment article-body-bottom__comment--write\" style=\"\" rel=\"nofollow noopener\" target=\"_blank\">Kommenteeri<\/a><a href=\"https:\/\/www.delfi.ee\/artikkel\/120608340\/liit-poordus-kodus-kukkunud-eakate-aitamise-segaduse-tottu-peaministri-ja-riigikogu-sotsiaalkomisjoni-poole\/kommentaarid\" class=\"button button--size-auto article-body-bottom__comment article-body-bottom__comment--read\" style=\"\" rel=\"nofollow noopener\" target=\"_blank\">Loe kommentaare (9)<\/a><\/p>\n","protected":false},"excerpt":{"rendered":"ELVL-i hinnangul ei ole seni selge, kes peab appi minema inimesele, kes on kodus kukkunud, ise p\u00fcsti ei&hellip;\n","protected":false},"author":2,"featured_media":269310,"comment_status":"","ping_status":"","sticky":false,"template":"","format":"standard","meta":{"footnotes":"","_share_on_mastodon":"0"},"categories":[12],"tags":[687,679,667,26,27,673,688,663,662,37,33,35,684,683,692,34,36,31,32,208,148,21,206,668,669,381,686,677,694,691,339,680,28,29,671,672,377,690,144,678,665,19,693,676,666,25,322,664,150,695,685,159,394,682,674,675,23,24,689,222,22,20,670,681,149,30],"class_list":["post-269309","post","type-post","status-publish","format-standard","has-post-thumbnail","category-eesti","tag-ajaviide","tag-autoleht","tag-blog","tag-breaking-news","tag-breakingnews","tag-cv","tag-date","tag-defli","tag-delfi","tag-ee","tag-eesti","tag-eesti-keel","tag-ekaart","tag-email","tag-erootika","tag-estonia","tag-estonian","tag-featured-news","tag-featurednews","tag-film","tag-foto","tag-headlines","tag-horoskoop","tag-ilm","tag-ilmaennustus","tag-internet","tag-kaart","tag-kava","tag-kindlustus","tag-kinnisvara","tag-kuulutused","tag-lasteleht","tag-latest-news","tag-latestnews","tag-loto","tag-majandus","tag-mangud","tag-mobiil","tag-muusika","tag-naisteleht","tag-naljad","tag-news","tag-otsing","tag-pank","tag-pilt","tag-populaarseimad-lood","tag-raadio","tag-reklaam","tag-seks","tag-sms","tag-solo","tag-sport","tag-tarkvara","tag-tasuta","tag-too","tag-toopakkumised","tag-top-stories","tag-topstories","tag-tutvus","tag-tv","tag-uldised-uudised","tag-uudised","tag-valimised","tag-valuuta","tag-video","tag-viimased-uudised"],"share_on_mastodon":{"url":"","error":"Validation failed: Text character limit of 500 exceeded"},"_links":{"self":[{"href":"https:\/\/www.europesays.com\/ee\/wp-json\/wp\/v2\/posts\/269309","targetHints":{"allow":["GET"]}}],"collection":[{"href":"https:\/\/www.europesays.com\/ee\/wp-json\/wp\/v2\/posts"}],"about":[{"href":"https:\/\/www.europesays.com\/ee\/wp-json\/wp\/v2\/types\/post"}],"author":[{"embeddable":true,"href":"https:\/\/www.europesays.com\/ee\/wp-json\/wp\/v2\/users\/2"}],"replies":[{"embeddable":true,"href":"https:\/\/www.europesays.com\/ee\/wp-json\/wp\/v2\/comments?post=269309"}],"version-history":[{"count":0,"href":"https:\/\/www.europesays.com\/ee\/wp-json\/wp\/v2\/posts\/269309\/revisions"}],"wp:featuredmedia":[{"embeddable":true,"href":"https:\/\/www.europesays.com\/ee\/wp-json\/wp\/v2\/media\/269310"}],"wp:attachment":[{"href":"https:\/\/www.europesays.com\/ee\/wp-json\/wp\/v2\/media?parent=269309"}],"wp:term":[{"taxonomy":"category","embeddable":true,"href":"https:\/\/www.europesays.com\/ee\/wp-json\/wp\/v2\/categories?post=269309"},{"taxonomy":"post_tag","embeddable":true,"href":"https:\/\/www.europesays.com\/ee\/wp-json\/wp\/v2\/tags?post=269309"}],"curies":[{"name":"wp","href":"https:\/\/api.w.org\/{rel}","templated":true}]}}