{"id":269349,"date":"2026-09-05T17:23:23","date_gmt":"2026-09-05T17:23:23","guid":{"rendered":"https:\/\/www.europesays.com\/ee\/269349\/"},"modified":"2026-09-05T17:23:23","modified_gmt":"2026-09-05T17:23:23","slug":"haabersti-linnaosa-vanema-asetaitjaks-saanud-siret-kotka-grusdam-ma-ei-kavatse-kuskil-kandideerida","status":"publish","type":"post","link":"https:\/\/www.europesays.com\/ee\/269349\/","title":{"rendered":"Haabersti linnaosa vanema aset\u00e4itjaks saanud Siret Kotka-Grusdam: ma ei kavatse kuskil kandideerida"},"content":{"rendered":"<p>Neljap\u00e4eval v\u00f5ttis Tallinna linnavalitsus teenistusse keskerakondlase Siret Kotka-Grusdam, kes m\u00e4\u00e4rati Haabersti linnaosa vanema Oleg Siljanovi aset\u00e4itjaks. Kotka p\u00f5hipalk on lepingu j\u00e4rgi 4000 eurot. Kotka-Grusdam s\u00f5nas Delfile, et laiemalt ta praegu poliitikasse naasta ei kavatse.  \u201eHetkel ei ole plaanis kuskil kandideerida ega midagi sellist,\u201c kinnitas ta. <\/p>\n<p>Uue t\u00f6\u00f6koha kohta s\u00f5nas ta, et aset\u00e4itja leidmiseks korraldati konkurss ning tal on pikaajaline t\u00f6\u00f6kogemus nii Tallinna linna juhtimises, riigikogus kui ka ettev\u00f5tluses. \u201eKui \u00fchendada kohalik omavalitsus, avalik ja erasektor, siis tervikuna annab see pildi, kuidas eri protsesse juhtida,\u201c \u00fctles Kotka-Grusdam. Ta lisas, et plaanib aset\u00e4itjana panustada Haabersti arengusse, kuigi linnaosa on \u201ep\u00e4ris h\u00e4sti majandatud\u201c. <\/p>\n<p>Ta mainis, et on viimastel aastatel tegelenud ettev\u00f5tlusega. Ta juhib 2020. aastal loodud kinnisvarafirmat Forton Apartments, mis tegeleb korterite \u00fc\u00fcrile andmisega. 2022. aastal kirjutas Eesti Ekspress, kuidas Kotka \u00fc\u00fcrikorteritega sahkerdas. Nimelt elas ta v\u00e4idetavalt kolme korteri omanikuna \u00fc\u00fcrikorteris ning lasi riigikogu kantseleil oma eluasemekulu h\u00fcvitada. Ta selgitas Ekspressile, et pole eraisikuna \u00fc\u00fcritulu teeninud. Ekspressi j\u00e4rgi s\u00f5nastas ta oma vastuse n\u00f5nda ilmselt seet\u00f5ttu, et on \u00e4ritulu teeninud juriidiliste kehade Forton O\u00dc ja Forton Apartments O\u00dc kaudu.<\/p>\n<p><a href=\"https:\/\/ekspress.delfi.ee\/artikkel\/120065946\/jokk-siret-kotkal-oli-tallinnas-kolm-korterit-kuid-ta-ise-elab-aastaid-uurikorterites-ja-laseb-kulud-riigikogul-kinni-maksta#dalrel-in-article\" class=\"content-embedded-articles-single__embedded-article\" data-v-6f4d311d=\"\" rel=\"nofollow noopener\" target=\"_blank\"><\/p>\n<p>14.09.2022<\/p>\n<p>JOKK! Siret Kotkal oli Tallinnas kolm korterit, kuid ta ise elab aastaid \u00fc\u00fcrikorterites ja laseb kulud riigikogul kinni maksta(686)<\/p>\n<p><\/a>Kuidas see lugu Sind end tundma pani?Saada<a href=\"https:\/\/www.delfi.ee\/artikkel\/120608592\/haabersti-linnaosa-vanema-asetaitjaks-saanud-siret-kotka-grusdam-ma-ei-kavatse-kuskil-kandideerida\/kommentaarid\" class=\"button button--primary button--size-auto article-body-bottom__comment article-body-bottom__comment--write\" style=\"\" rel=\"nofollow noopener\" target=\"_blank\">Kommenteeri<\/a><a href=\"https:\/\/www.delfi.ee\/artikkel\/120608592\/haabersti-linnaosa-vanema-asetaitjaks-saanud-siret-kotka-grusdam-ma-ei-kavatse-kuskil-kandideerida\/kommentaarid\" class=\"button button--size-auto article-body-bottom__comment article-body-bottom__comment--read\" style=\"\" rel=\"nofollow noopener\" target=\"_blank\">Loe kommentaare (71)<\/a><\/p>\n","protected":false},"excerpt":{"rendered":"Neljap\u00e4eval v\u00f5ttis Tallinna linnavalitsus teenistusse keskerakondlase Siret Kotka-Grusdam, kes m\u00e4\u00e4rati Haabersti linnaosa vanema Oleg Siljanovi aset\u00e4itjaks. Kotka p\u00f5hipalk&hellip;\n","protected":false},"author":2,"featured_media":269350,"comment_status":"","ping_status":"","sticky":false,"template":"","format":"standard","meta":{"footnotes":"","_share_on_mastodon":"0"},"categories":[12],"tags":[687,679,667,26,27,673,688,663,662,37,33,35,684,683,692,34,36,31,32,208,148,21,206,668,669,381,686,677,694,691,339,680,28,29,671,672,377,690,144,678,665,19,693,676,666,25,322,664,150,695,685,159,394,682,674,675,23,24,689,222,22,20,670,681,149,30],"class_list":["post-269349","post","type-post","status-publish","format-standard","has-post-thumbnail","category-eesti","tag-ajaviide","tag-autoleht","tag-blog","tag-breaking-news","tag-breakingnews","tag-cv","tag-date","tag-defli","tag-delfi","tag-ee","tag-eesti","tag-eesti-keel","tag-ekaart","tag-email","tag-erootika","tag-estonia","tag-estonian","tag-featured-news","tag-featurednews","tag-film","tag-foto","tag-headlines","tag-horoskoop","tag-ilm","tag-ilmaennustus","tag-internet","tag-kaart","tag-kava","tag-kindlustus","tag-kinnisvara","tag-kuulutused","tag-lasteleht","tag-latest-news","tag-latestnews","tag-loto","tag-majandus","tag-mangud","tag-mobiil","tag-muusika","tag-naisteleht","tag-naljad","tag-news","tag-otsing","tag-pank","tag-pilt","tag-populaarseimad-lood","tag-raadio","tag-reklaam","tag-seks","tag-sms","tag-solo","tag-sport","tag-tarkvara","tag-tasuta","tag-too","tag-toopakkumised","tag-top-stories","tag-topstories","tag-tutvus","tag-tv","tag-uldised-uudised","tag-uudised","tag-valimised","tag-valuuta","tag-video","tag-viimased-uudised"],"share_on_mastodon":{"url":"","error":"Validation failed: Text character limit of 500 exceeded"},"_links":{"self":[{"href":"https:\/\/www.europesays.com\/ee\/wp-json\/wp\/v2\/posts\/269349","targetHints":{"allow":["GET"]}}],"collection":[{"href":"https:\/\/www.europesays.com\/ee\/wp-json\/wp\/v2\/posts"}],"about":[{"href":"https:\/\/www.europesays.com\/ee\/wp-json\/wp\/v2\/types\/post"}],"author":[{"embeddable":true,"href":"https:\/\/www.europesays.com\/ee\/wp-json\/wp\/v2\/users\/2"}],"replies":[{"embeddable":true,"href":"https:\/\/www.europesays.com\/ee\/wp-json\/wp\/v2\/comments?post=269349"}],"version-history":[{"count":0,"href":"https:\/\/www.europesays.com\/ee\/wp-json\/wp\/v2\/posts\/269349\/revisions"}],"wp:featuredmedia":[{"embeddable":true,"href":"https:\/\/www.europesays.com\/ee\/wp-json\/wp\/v2\/media\/269350"}],"wp:attachment":[{"href":"https:\/\/www.europesays.com\/ee\/wp-json\/wp\/v2\/media?parent=269349"}],"wp:term":[{"taxonomy":"category","embeddable":true,"href":"https:\/\/www.europesays.com\/ee\/wp-json\/wp\/v2\/categories?post=269349"},{"taxonomy":"post_tag","embeddable":true,"href":"https:\/\/www.europesays.com\/ee\/wp-json\/wp\/v2\/tags?post=269349"}],"curies":[{"name":"wp","href":"https:\/\/api.w.org\/{rel}","templated":true}]}}