{"id":269353,"date":"2026-09-05T17:31:11","date_gmt":"2026-09-05T17:31:11","guid":{"rendered":"https:\/\/www.europesays.com\/ee\/269353\/"},"modified":"2026-09-05T17:31:11","modified_gmt":"2026-09-05T17:31:11","slug":"jalgpallitahe-nime-uritati-kasutada-narkoraha-pesemiseks","status":"publish","type":"post","link":"https:\/\/www.europesays.com\/ee\/269353\/","title":{"rendered":"Jalgpallit\u00e4he nime \u00fcritati kasutada narkoraha pesemiseks"},"content":{"rendered":"<p>Argentina jalgpallilegendi Sergio Ag\u00fcero nimi kerkis esile rahvusvahelise narkov\u00f5rgustiku uurimises. Endist Manchester City r\u00fcndajat ei kahtlustata kuriteos, kuid v\u00e4idetavalt proovisid v\u00f5rgustiku liikmed kasutada tema tuntust ebaseadusliku raha pesemiseks.<\/p>\n<p>Argentina v\u00f5imud uurivad rahvusvahelist kuritegelikku v\u00f5rgustikku, mida kahtlustatakse kokaiini ja s\u00fcnteetiliste uimastite salakaubaveos ning kuritegeliku raha pesemises.<\/p>\n","protected":false},"excerpt":{"rendered":"Argentina jalgpallilegendi Sergio Ag\u00fcero nimi kerkis esile rahvusvahelise narkov\u00f5rgustiku uurimises. Endist Manchester City r\u00fcndajat ei kahtlustata kuriteos, kuid&hellip;\n","protected":false},"author":2,"featured_media":269354,"comment_status":"","ping_status":"","sticky":false,"template":"","format":"standard","meta":{"footnotes":"","_share_on_mastodon":"0"},"categories":[18],"tags":[5000,104168,104165,37,33,35,34,36,18330,104166,104167,3767,1614,5002,104164,3394,104163,159,158,104169],"class_list":["post-269353","post","type-post","status-publish","format-standard","has-post-thumbnail","category-sport","tag-argentina","tag-club-atletico-independiente","tag-diego-anzalone","tag-ee","tag-eesti","tag-eesti-keel","tag-estonia","tag-estonian","tag-kokaiin","tag-kru-esports","tag-kru-tickets","tag-lionel-messi","tag-manchester-city","tag-narkokaubandus","tag-pablo-alvarez","tag-rahapesu","tag-sergio-aguero","tag-sport","tag-sports","tag-sunteetilised-uimastid"],"share_on_mastodon":{"url":"https:\/\/pubeurope.com\/@ee\/117219628389266426","error":""},"_links":{"self":[{"href":"https:\/\/www.europesays.com\/ee\/wp-json\/wp\/v2\/posts\/269353","targetHints":{"allow":["GET"]}}],"collection":[{"href":"https:\/\/www.europesays.com\/ee\/wp-json\/wp\/v2\/posts"}],"about":[{"href":"https:\/\/www.europesays.com\/ee\/wp-json\/wp\/v2\/types\/post"}],"author":[{"embeddable":true,"href":"https:\/\/www.europesays.com\/ee\/wp-json\/wp\/v2\/users\/2"}],"replies":[{"embeddable":true,"href":"https:\/\/www.europesays.com\/ee\/wp-json\/wp\/v2\/comments?post=269353"}],"version-history":[{"count":0,"href":"https:\/\/www.europesays.com\/ee\/wp-json\/wp\/v2\/posts\/269353\/revisions"}],"wp:featuredmedia":[{"embeddable":true,"href":"https:\/\/www.europesays.com\/ee\/wp-json\/wp\/v2\/media\/269354"}],"wp:attachment":[{"href":"https:\/\/www.europesays.com\/ee\/wp-json\/wp\/v2\/media?parent=269353"}],"wp:term":[{"taxonomy":"category","embeddable":true,"href":"https:\/\/www.europesays.com\/ee\/wp-json\/wp\/v2\/categories?post=269353"},{"taxonomy":"post_tag","embeddable":true,"href":"https:\/\/www.europesays.com\/ee\/wp-json\/wp\/v2\/tags?post=269353"}],"curies":[{"name":"wp","href":"https:\/\/api.w.org\/{rel}","templated":true}]}}