{"id":269383,"date":"2026-09-05T18:29:42","date_gmt":"2026-09-05T18:29:42","guid":{"rendered":"https:\/\/www.europesays.com\/ee\/269383\/"},"modified":"2026-09-05T18:29:42","modified_gmt":"2026-09-05T18:29:42","slug":"suudimoistetud-norra-boonusprintsi-muutunud-valimus-aratas-tahelepanu","status":"publish","type":"post","link":"https:\/\/www.europesays.com\/ee\/269383\/","title":{"rendered":"S\u00fc\u00fcdim\u00f5istetud Norra \u201eboonusprintsi\u201c muutunud v\u00e4limus \u00e4ratas t\u00e4helepanu"},"content":{"rendered":"<p>Norra kuninganna <a rel=\"noopener nofollow\" target=\"_blank\" href=\"https:\/\/www.delfi.ee\/teema\/31769303\/mette-marit\" tag-id=\"31769303\">Mette-Mariti<\/a> poja, 29-aastase Marius Borg H\u00f8iby osalemine n\u00e4dala alguses toimunud rongk\u00e4igul tekitas palju pahameelt nii Norra meedias kui ka rahvusvaheliselt. Kuigi Marius oli lahkunud kuninga pereliige rohkem kui veerand sajandit, ei m\u00f5istetud, miks ta saab nii vabalt erinevatel matustega seotud \u00fcritustel osaleda. Algse info p\u00f5hiselt sai Marius loa k\u00fclastada Haraldit haiglas ning osaleda 9. septembril toimuvatel matustel. <\/p>\n<p>Norra meediav\u00e4ljaanne Se &amp; H\u00f8r tegi aga artikli sellest, et s\u00fc\u00fcdim\u00f5istetud Marius n\u00e4gi kirstu kandes v\u00e4lja lihaselisem kui varem avalikustatud fotodel.<\/p>\n<p><img decoding=\"async\" src=\"https:\/\/www.europesays.com\/ee\/wp-content\/uploads\/2026\/09\/637aa0c6-abf3-4e27-9644-a5d587ff955e.jpg\" loading=\"lazy\" alt=\"Marius 2022. aastal. \"\/><img decoding=\"async\" src=\"https:\/\/www.europesays.com\/ee\/wp-content\/uploads\/2026\/09\/0121cd8d-6f1e-4367-a4b2-e4423aa11364.jpg\" loading=\"lazy\" alt=\"Marius tagareas paremal. \"\/><\/p>\n<p>Artiklist selgub, et Marius on Oslo vanglas ja Skaugumi h\u00e4\u00e4rberis koduarestis olles usinalt sporti teinud. Ajalehe andmetel on Mariusel juurdep\u00e4\u00e4s ka kuningas Haaraldi ja kuninganna Mette-Mariti kodu juurde kuuluvale basseinile. M\u00e4rgati ka seda, et Marius on soengu pikemaks kasvatanud ja tema kiharad on lokki l\u00e4inud. Se &amp; H\u00f8r juhtis t\u00e4helepanu ka Mariuse riietumisstiili muutumisele. <\/p>\n<p>Kuigi ajakiri ei tea, mis on Mariuse muutumise taga t\u00e4psemalt, siis allikate s\u00f5nul on tema igap\u00e4evane rutiin p\u00e4rast vangistust dramaatiliselt muutunud.<\/p>\n<p>Selle aasta alguses r\u00e4\u00e4kis Marius Oslo ringkonnakohtule avameelselt oma minevikust. Ta kirjeldas, kuidas tugev vajadus heakskiidu j\u00e4rele oli viinud teda teatud eluvalikuteni. \u201eSee on viinud mind ohtra seksi, narkootikumide ja alkoholi tarvitamiseni,\u201c \u00fctles Marius kohtupingis.<\/p>\n<p>Marius m\u00f5isteti sel aastal mitme kuriteo eest neljaks aastaks vangi. Marius tunnistas osa kuritegusid \u00fcles, kuid eitab v\u00e4gistamist ja kallaletungi ning on talle m\u00e4\u00e4ratud karistuse edasi kaevanud. Prokur\u00f6r taotleb Mariuse eelvangistuse pikendamist nelja n\u00e4dala v\u00f5rra.<\/p>\n<p>Marius saab praegu k\u00fcll kodus viibida, kuid ta on elektroonilise valve all. <\/p>\n<p>Kuidas see lugu Sind end tundma pani?Saada<a href=\"https:\/\/kroonika.delfi.ee\/artikkel\/120608331\/suudimoistetud-norra-boonusprintsi-muutunud-valimus-aratas-tahelepanu\/kommentaarid\" class=\"button button--primary button--size-auto article-body-bottom__comment article-body-bottom__comment--write\" style=\"\" rel=\"nofollow noopener\" target=\"_blank\">Kommenteeri<\/a><a href=\"https:\/\/kroonika.delfi.ee\/artikkel\/120608331\/suudimoistetud-norra-boonusprintsi-muutunud-valimus-aratas-tahelepanu\/kommentaarid\" class=\"button button--size-auto article-body-bottom__comment article-body-bottom__comment--read\" style=\"\" rel=\"nofollow noopener\" target=\"_blank\">Loe kommentaare (23)<\/a><\/p>\n","protected":false},"excerpt":{"rendered":"Norra kuninganna Mette-Mariti poja, 29-aastase Marius Borg H\u00f8iby osalemine n\u00e4dala alguses toimunud rongk\u00e4igul tekitas palju pahameelt nii Norra&hellip;\n","protected":false},"author":2,"featured_media":269384,"comment_status":"","ping_status":"","sticky":false,"template":"","format":"standard","meta":{"footnotes":"","_share_on_mastodon":"0"},"categories":[12],"tags":[26,27,37,33,35,34,36,31,32,15687,21,28,29,41453,1435,19,49255,25,23,24,22,20,30],"class_list":["post-269383","post","type-post","status-publish","format-standard","has-post-thumbnail","category-eesti","tag-breaking-news","tag-breakingnews","tag-ee","tag-eesti","tag-eesti-keel","tag-estonia","tag-estonian","tag-featured-news","tag-featurednews","tag-harald-v","tag-headlines","tag-latest-news","tag-latestnews","tag-marius-borg-hoiby","tag-mette-marit","tag-news","tag-norra-kuninglik-perekond","tag-populaarseimad-lood","tag-top-stories","tag-topstories","tag-uldised-uudised","tag-uudised","tag-viimased-uudised"],"share_on_mastodon":{"url":"https:\/\/pubeurope.com\/@ee\/117219856814715515","error":""},"_links":{"self":[{"href":"https:\/\/www.europesays.com\/ee\/wp-json\/wp\/v2\/posts\/269383","targetHints":{"allow":["GET"]}}],"collection":[{"href":"https:\/\/www.europesays.com\/ee\/wp-json\/wp\/v2\/posts"}],"about":[{"href":"https:\/\/www.europesays.com\/ee\/wp-json\/wp\/v2\/types\/post"}],"author":[{"embeddable":true,"href":"https:\/\/www.europesays.com\/ee\/wp-json\/wp\/v2\/users\/2"}],"replies":[{"embeddable":true,"href":"https:\/\/www.europesays.com\/ee\/wp-json\/wp\/v2\/comments?post=269383"}],"version-history":[{"count":0,"href":"https:\/\/www.europesays.com\/ee\/wp-json\/wp\/v2\/posts\/269383\/revisions"}],"wp:featuredmedia":[{"embeddable":true,"href":"https:\/\/www.europesays.com\/ee\/wp-json\/wp\/v2\/media\/269384"}],"wp:attachment":[{"href":"https:\/\/www.europesays.com\/ee\/wp-json\/wp\/v2\/media?parent=269383"}],"wp:term":[{"taxonomy":"category","embeddable":true,"href":"https:\/\/www.europesays.com\/ee\/wp-json\/wp\/v2\/categories?post=269383"},{"taxonomy":"post_tag","embeddable":true,"href":"https:\/\/www.europesays.com\/ee\/wp-json\/wp\/v2\/tags?post=269383"}],"curies":[{"name":"wp","href":"https:\/\/api.w.org\/{rel}","templated":true}]}}