{"id":269387,"date":"2026-09-05T18:36:13","date_gmt":"2026-09-05T18:36:13","guid":{"rendered":"https:\/\/www.europesays.com\/ee\/269387\/"},"modified":"2026-09-05T18:36:13","modified_gmt":"2026-09-05T18:36:13","slug":"galerii-%e2%9f%a9-vana-tallinn-baltimaade-ooperigala-toi-kokku-kolme-riigi-tippsolistid","status":"publish","type":"post","link":"https:\/\/www.europesays.com\/ee\/269387\/","title":{"rendered":"GALERII \u27e9 Vana Tallinn Baltimaade ooperigala t\u00f5i kokku kolme riigi tippsolistid"},"content":{"rendered":"<p class=\"x_MsoNormal\">\u00abBaltimaade ooperigala sai teoks t\u00e4nu eelmisel aastal Eesti, L\u00e4ti ja Leedu rahvusooperite vahel s\u00f5lmitud kultuurikokkuleppele, mille eesm\u00e4rk on laiendada loomingulist koost\u00f6\u00f6d ning tutvustada publikule Baltimaade ooperikunsti ja muusikute paremikku. Gala kava panid \u00fchiselt kokku kolme ooperimaja peadirigendid Arvo Volmer, M\u0101rti\u0146\u0161 Ozoli\u0146\u0161 ja Ri\u010dardas \u0160umila. Kui Baltimaade ooperigala toimub igal aastal erinevas riigis, siis Vana Tallinn Gala j\u00e4\u00e4b kodumaise ooperipubliku r\u00f5\u00f5muks iga-aastaseks kohalikuks traditsiooniks,\u00bb \u00fctles Rahvusooper Estonia peadirektor Ott Maaten.<\/p>\n","protected":false},"excerpt":{"rendered":"\u00abBaltimaade ooperigala sai teoks t\u00e4nu eelmisel aastal Eesti, L\u00e4ti ja Leedu rahvusooperite vahel s\u00f5lmitud kultuurikokkuleppele, mille eesm\u00e4rk on&hellip;\n","protected":false},"author":2,"featured_media":269388,"comment_status":"","ping_status":"","sticky":false,"template":"","format":"standard","meta":{"footnotes":"","_share_on_mastodon":"0"},"categories":[16],"tags":[53556,104078,37,33,35,17076,173,34,36,114,115,14873,140,88900,104080,51126,1789,104077,103281],"class_list":["post-269387","post","type-post","status-publish","format-standard","has-post-thumbnail","category-meelelahutus","tag-arvo-volmer","tag-baltimaade-ooperigala","tag-ee","tag-eesti","tag-eesti-keel","tag-enn-kunila","tag-entertainment","tag-estonia","tag-estonian","tag-lati","tag-leedu","tag-liviko","tag-meelelahutus","tag-ooperigala","tag-ooperikunst","tag-ott-maaten","tag-rahvusooper-estonia","tag-vana-tallinn-baltimaade-ooperigala","tag-vana-tallinn-gala"],"share_on_mastodon":{"url":"https:\/\/pubeurope.com\/@ee\/117219884146711215","error":""},"_links":{"self":[{"href":"https:\/\/www.europesays.com\/ee\/wp-json\/wp\/v2\/posts\/269387","targetHints":{"allow":["GET"]}}],"collection":[{"href":"https:\/\/www.europesays.com\/ee\/wp-json\/wp\/v2\/posts"}],"about":[{"href":"https:\/\/www.europesays.com\/ee\/wp-json\/wp\/v2\/types\/post"}],"author":[{"embeddable":true,"href":"https:\/\/www.europesays.com\/ee\/wp-json\/wp\/v2\/users\/2"}],"replies":[{"embeddable":true,"href":"https:\/\/www.europesays.com\/ee\/wp-json\/wp\/v2\/comments?post=269387"}],"version-history":[{"count":0,"href":"https:\/\/www.europesays.com\/ee\/wp-json\/wp\/v2\/posts\/269387\/revisions"}],"wp:featuredmedia":[{"embeddable":true,"href":"https:\/\/www.europesays.com\/ee\/wp-json\/wp\/v2\/media\/269388"}],"wp:attachment":[{"href":"https:\/\/www.europesays.com\/ee\/wp-json\/wp\/v2\/media?parent=269387"}],"wp:term":[{"taxonomy":"category","embeddable":true,"href":"https:\/\/www.europesays.com\/ee\/wp-json\/wp\/v2\/categories?post=269387"},{"taxonomy":"post_tag","embeddable":true,"href":"https:\/\/www.europesays.com\/ee\/wp-json\/wp\/v2\/tags?post=269387"}],"curies":[{"name":"wp","href":"https:\/\/api.w.org\/{rel}","templated":true}]}}