{"id":269395,"date":"2026-09-05T18:47:24","date_gmt":"2026-09-05T18:47:24","guid":{"rendered":"https:\/\/www.europesays.com\/ee\/269395\/"},"modified":"2026-09-05T18:47:24","modified_gmt":"2026-09-05T18:47:24","slug":"ooper-elegants-ja-klaasike-head-paremat-suursugune-gala-toi-kokku-sarava-seltskonna","status":"publish","type":"post","link":"https:\/\/www.europesays.com\/ee\/269395\/","title":{"rendered":"Ooper, elegants ja klaasike head-paremat: suursugune gala t\u00f5i kokku s\u00e4rava seltskonna"},"content":{"rendered":"<p>Pika traditsiooniga gala \u00fchendab klassikalise muusika v\u00e4\u00e4rikuse m\u00f5nusa peomeeleoluga ning meenutab, et ooper v\u00f5ib olla \u00fchtaegu k\u00f5rge kunst ja elegantne seltskondlik nauding. \u201eBaltimaade ooperigala sai teoks t\u00e4nu eelmisel aastal Eesti, L\u00e4ti ja Leedu rahvusooperite vahel s\u00f5lmitud kultuurikokkuleppele, mille eesm\u00e4rk on laiendada loomingulist koost\u00f6\u00f6d ning tutvustada publikule Baltimaade ooperikunsti ja muusikute paremikku. Gala kava panid \u00fchiselt kokku kolme ooperimaja peadirigendid Arvo Volmer, M\u0101rti\u0146\u0161 Ozoli\u0146\u0161 ja Ri\u010dardas \u0160umila.<\/p>\n","protected":false},"excerpt":{"rendered":"Pika traditsiooniga gala \u00fchendab klassikalise muusika v\u00e4\u00e4rikuse m\u00f5nusa peomeeleoluga ning meenutab, et ooper v\u00f5ib olla \u00fchtaegu k\u00f5rge kunst&hellip;\n","protected":false},"author":2,"featured_media":269396,"comment_status":"","ping_status":"","sticky":false,"template":"","format":"standard","meta":{"footnotes":"","_share_on_mastodon":"0"},"categories":[16],"tags":[37,33,35,173,34,36,140],"class_list":["post-269395","post","type-post","status-publish","format-standard","has-post-thumbnail","category-meelelahutus","tag-ee","tag-eesti","tag-eesti-keel","tag-entertainment","tag-estonia","tag-estonian","tag-meelelahutus"],"share_on_mastodon":{"url":"https:\/\/pubeurope.com\/@ee\/117219927260061709","error":""},"_links":{"self":[{"href":"https:\/\/www.europesays.com\/ee\/wp-json\/wp\/v2\/posts\/269395","targetHints":{"allow":["GET"]}}],"collection":[{"href":"https:\/\/www.europesays.com\/ee\/wp-json\/wp\/v2\/posts"}],"about":[{"href":"https:\/\/www.europesays.com\/ee\/wp-json\/wp\/v2\/types\/post"}],"author":[{"embeddable":true,"href":"https:\/\/www.europesays.com\/ee\/wp-json\/wp\/v2\/users\/2"}],"replies":[{"embeddable":true,"href":"https:\/\/www.europesays.com\/ee\/wp-json\/wp\/v2\/comments?post=269395"}],"version-history":[{"count":0,"href":"https:\/\/www.europesays.com\/ee\/wp-json\/wp\/v2\/posts\/269395\/revisions"}],"wp:featuredmedia":[{"embeddable":true,"href":"https:\/\/www.europesays.com\/ee\/wp-json\/wp\/v2\/media\/269396"}],"wp:attachment":[{"href":"https:\/\/www.europesays.com\/ee\/wp-json\/wp\/v2\/media?parent=269395"}],"wp:term":[{"taxonomy":"category","embeddable":true,"href":"https:\/\/www.europesays.com\/ee\/wp-json\/wp\/v2\/categories?post=269395"},{"taxonomy":"post_tag","embeddable":true,"href":"https:\/\/www.europesays.com\/ee\/wp-json\/wp\/v2\/tags?post=269395"}],"curies":[{"name":"wp","href":"https:\/\/api.w.org\/{rel}","templated":true}]}}