{"id":269407,"date":"2026-09-05T19:10:36","date_gmt":"2026-09-05T19:10:36","guid":{"rendered":"https:\/\/www.europesays.com\/ee\/269407\/"},"modified":"2026-09-05T19:10:36","modified_gmt":"2026-09-05T19:10:36","slug":"r2-traat-jon-mikiver-raadio-2-2","status":"publish","type":"post","link":"https:\/\/www.europesays.com\/ee\/269407\/","title":{"rendered":"R2 Traat. Jon Mikiver | Raadio 2"},"content":{"rendered":"<p><img decoding=\"async\" src=\"https:\/\/www.europesays.com\/ee\/wp-content\/uploads\/2026\/09\/2579767h2446t72.jpg\" alt=\"\"\/><\/p>\n<p>Jon Mikiver Autor\/allikas: Ken M\u00fcrk\/ERR\t\t\t\t<\/p>\n<p>Jon Mikiver<\/p>\n<p>R2 Traat v\u00f5tab fookuseks v\u00e4rske rokkmuusika ja selle erinevad sub\u017eanrid nii meilt kui ka mujalt. V\u00fcrtsikat rokkmuusikat malbest rohelisest kuni karmi tulipunaseni m\u00e4ngib rokiminister Jon Mikiver.<\/p>\n<p>Saatejuht Jon Mikiver.<\/p>\n<p>Saade on eetris laup\u00e4eval kell 17:00.<\/p>\n<p>Saade kordub laup\u00e4eval kell 12:00\u00a0veebikanalil R2.Rock\u00a0(https:\/\/r2extra.err.ee\/r2rock).<\/p>\n<p>Raadio 2 sotsiaalmeedias <a href=\"https:\/\/www.facebook.com\/Raadio2\" target=\"_blank\" rel=\"noopener nofollow\">R2 @ Facebook<\/a>\u00a0ja\u00a0<a href=\"https:\/\/www.instagram.com\/raadio2\/?hl=en\" target=\"_blank\" rel=\"noopener nofollow\">R2 @ Instagram<\/a><\/p>\n<p>Kirjuta meile saatesse r2[\u00e4t]err.ee<\/p>\n<p>*Saadet saab j\u00e4rele kuulata ja alla laadida 365 p\u00e4eva.<\/p>\n<p><script async src=\"\/\/www.instagram.com\/embed.js\"><\/script><\/p>\n","protected":false},"excerpt":{"rendered":"Jon Mikiver Autor\/allikas: Ken M\u00fcrk\/ERR Jon Mikiver R2 Traat v\u00f5tab fookuseks v\u00e4rske rokkmuusika ja selle erinevad sub\u017eanrid nii&hellip;\n","protected":false},"author":2,"featured_media":269408,"comment_status":"","ping_status":"","sticky":false,"template":"","format":"standard","meta":{"footnotes":"","_share_on_mastodon":"0"},"categories":[16],"tags":[37,33,35,173,34,36,140],"class_list":["post-269407","post","type-post","status-publish","format-standard","has-post-thumbnail","category-meelelahutus","tag-ee","tag-eesti","tag-eesti-keel","tag-entertainment","tag-estonia","tag-estonian","tag-meelelahutus"],"share_on_mastodon":{"url":"https:\/\/pubeurope.com\/@ee\/117220018260103149","error":""},"_links":{"self":[{"href":"https:\/\/www.europesays.com\/ee\/wp-json\/wp\/v2\/posts\/269407","targetHints":{"allow":["GET"]}}],"collection":[{"href":"https:\/\/www.europesays.com\/ee\/wp-json\/wp\/v2\/posts"}],"about":[{"href":"https:\/\/www.europesays.com\/ee\/wp-json\/wp\/v2\/types\/post"}],"author":[{"embeddable":true,"href":"https:\/\/www.europesays.com\/ee\/wp-json\/wp\/v2\/users\/2"}],"replies":[{"embeddable":true,"href":"https:\/\/www.europesays.com\/ee\/wp-json\/wp\/v2\/comments?post=269407"}],"version-history":[{"count":0,"href":"https:\/\/www.europesays.com\/ee\/wp-json\/wp\/v2\/posts\/269407\/revisions"}],"wp:featuredmedia":[{"embeddable":true,"href":"https:\/\/www.europesays.com\/ee\/wp-json\/wp\/v2\/media\/269408"}],"wp:attachment":[{"href":"https:\/\/www.europesays.com\/ee\/wp-json\/wp\/v2\/media?parent=269407"}],"wp:term":[{"taxonomy":"category","embeddable":true,"href":"https:\/\/www.europesays.com\/ee\/wp-json\/wp\/v2\/categories?post=269407"},{"taxonomy":"post_tag","embeddable":true,"href":"https:\/\/www.europesays.com\/ee\/wp-json\/wp\/v2\/tags?post=269407"}],"curies":[{"name":"wp","href":"https:\/\/api.w.org\/{rel}","templated":true}]}}