{"id":269409,"date":"2026-09-05T19:11:11","date_gmt":"2026-09-05T19:11:11","guid":{"rendered":"https:\/\/www.europesays.com\/ee\/269409\/"},"modified":"2026-09-05T19:11:11","modified_gmt":"2026-09-05T19:11:11","slug":"flora-kangelane-kuraksin-igatsesin-rundes-mangimist-siht-kui-ise-mees-ei-ole-siis-kes-on-soccernet-ee","status":"publish","type":"post","link":"https:\/\/www.europesays.com\/ee\/269409\/","title":{"rendered":"Flora kangelane Kuraksin: igatsesin r\u00fcndes m\u00e4ngimist! (Siht: kui ise mees ei ole, siis kes on?) &#8211; Soccernet.ee"},"content":{"rendered":"<p><img decoding=\"async\" src=\"https:\/\/www.europesays.com\/ee\/wp-content\/uploads\/2026\/09\/1783542957.jpg\" alt=\"Danil Kuraksin s\u00e4ras N\u00f5mme Kalju vastu kahe v\u00e4ravaga. Foto: Anna Andreas\"\/>&#13;\n<\/p>\n<p>FC Flora \u00e4\u00e4rer\u00fcndaja Danil Kuraksin l\u00f5i N\u00f5mme Kaljule kaks v\u00e4ravat ja aitas oma meeskonna olulise 2:1 v\u00f5iduni. V\u00e4ravate autor r\u00e4\u00e4kis m\u00e4ngu j\u00e4rel, et tal on hea meel m\u00e4ngida taas oma tavap\u00e4rasel positsioonil.<\/p>\n<p>Kuraksin r\u00e4\u00e4kis, et Flora oli v\u00f5itu v\u00e4\u00e4rt, sest k\u00f5ik v\u00e4ljakul olnud m\u00e4ngijad andsid endast nii r\u00fcnnates kui kaitstes maksimumi. &#8220;Mul on v\u00e4ga hea meel, et saime t\u00e4na v\u00f5idu. See on klubile v\u00e4ga t\u00e4htis. J\u00e4tkame teisel kohal ja samas vaimus edasi,&#8221; lausus Kuraksin.&#13;\n<\/p>\n<p>Flora oli esimese poolaja j\u00e4rel eduseisus ning tegeles teisel poolajal selle kaitsmisega. Kuraksini s\u00f5nul m\u00e4ngis selles rolli ps\u00fchholoogia. Kui n\u00e4dal tagasi libises 1:0 eduseis Paide Linnameeskonna vastu k\u00e4est, siis seekord tuli Flora \u00fclesandega edukalt toime. Seda kinnitas ka Kurakisin. &#8220;Saime sellega h\u00e4sti hakkama ja arvan, et see on k\u00f5ige olulisem, et v\u00f5it l\u00f5puks tuli.&#8221;&#13;\n<\/p>\n<p>Kuraksin kiitis oma esimese v\u00e4rava puhul kvaliteetset tsenderdust ning teise puhul leidis, et oli \u00f5igel ajal \u00f5iges kohas. Talle kukkus pall viie meetri peal ette ja see oli \u00e4\u00e4rer\u00fcndaja s\u00f5nul vaja lihtsalt sisse l\u00fc\u00fca. &#8220;T\u00e4na oli lihtsalt \u00f5nnelik p\u00e4ev minu jaoks,&#8221; v\u00f5ttis Kuraksin eduka \u00f5htu kokku.<\/p>\n<p>\u00c4\u00e4rer\u00fcndaja oli t\u00e4navu varem skoorinud vaid \u00fche korra. Ta pidi suvel olude sunnil ka \u00e4\u00e4rekaitsja kohta t\u00e4itma, kuid n\u00fc\u00fcd on tagasi oma tavap\u00e4rasel positsioonil. &#8220;Igatsesin r\u00fcndes m\u00e4ngimist. Proovin edaspidi meeskonnale anda sama palju,&#8221; \u00fctles Kuraksin. Ta r\u00e4\u00e4kis, et suvine periood oli meeskonnale keeruline, sest klubi vahetas peatreenerit, mitu olulist m\u00e4ngijat oli vigastuse v\u00f5i m\u00e4ngukeelu t\u00f5ttu puudu ja seet\u00f5ttu oli koosseis h\u00f5re. Kuraksin usub, et m\u00f5\u00f5n on vaikselt minevikku j\u00e4\u00e4mas, sest viimaste m\u00e4ngude p\u00f5hjal on Flora oma m\u00e4ngu paremini toimima saanud.&#13;\n<\/p>\n<p>Kalju poolkaitsja Rommi Siht arvas kaotuse j\u00e4rel, et tulemus oli tingitud hingestatusest. &#8220;Seda pole hetkel n\u00e4ha. Mingid hetked m\u00e4ngime v\u00e4ga h\u00e4sti, aga siis teine hetk suudame olla iseenda hale vari. See ei tohiks nii \u00fcles-alla k\u00e4ia,&#8221; kritiseeris Siht.&#13;\n<\/p>\n<p>Poolkaitsja leidis, et Flora avapoolaja l\u00f5pus l\u00f6\u00f6dud teine v\u00e4rav neid ei m\u00f5jutanud, sest nad m\u00e4ngisid teise poolaja alguses h\u00e4sti ja tekitasid v\u00e4ravav\u00f5imalusi. Ta j\u00e4tkas, et seej\u00e4rel tabas Kaljut langus, mida ei tohiks juhtuda. Kalju kaotas neljanda m\u00e4ngu j\u00e4rjest ning Sihi s\u00f5nul on igas kohtumises otsustavaks saanud erinevad asjad. Ta v\u00f5rdles, et eelmine n\u00e4dalavahetus m\u00e4ngiti Levadia vastu ka v\u00e4ga h\u00e4sti, kuid seej\u00e4rel laguneti. Seekord polnud kukkumised nii suured, kuid sellele vaatamata siiski m\u00e4\u00e4ravad. &#8220;Laseme nii lihtsad v\u00e4ravad endale ja nii see jalgpall k\u00e4ib: vastane l\u00f6\u00f6b rohkem kui sina ja oleme suures jamas.&#8221;&#13;\n<\/p>\n<p>Kaljul on v\u00f5imalik nukker seeria l\u00f5petada teisip\u00e4eval, kui m\u00e4ngitakse kodus N\u00f5mme Unitediga. Siht teatas, et selles m\u00e4ngus ei tohiks motivatsioonist puudust olla. &#8220;Kui kedagi peab selles m\u00e4ngus motiveerima, siis tegu ei ole profisportlasega. Iga m\u00e4ng, mida l\u00e4heme m\u00e4ngima, peaks olema sada protsenti fookuses ja tahtma seda v\u00f5itu, eriti kui oleme neli m\u00e4ngu kaotanud.&#8221;<\/p>\n<p>Siht usub, et Kalju on endiselt v\u00f5imeline h\u00f5bemedalite eest v\u00f5itlema ja praegusest raskest seisust v\u00e4lja tulema, kuid selleks on esmalt vaja \u00fchte \u00f5nnestumist. Ta meenutas, et Kalju on aastate jooksul teinud pikki v\u00f5iduseeriaid, kuid et see uuesti juhtuks, on vaja saada esimene v\u00f5it. &#8220;Kui ise mees ei ole, siis kes on?&#8221; k\u00fcsis Siht justkui iseendalt l\u00f5petuseks.                         <\/p>\n","protected":false},"excerpt":{"rendered":"&#13; FC Flora \u00e4\u00e4rer\u00fcndaja Danil Kuraksin l\u00f5i N\u00f5mme Kaljule kaks v\u00e4ravat ja aitas oma meeskonna olulise 2:1 v\u00f5iduni.&hellip;\n","protected":false},"author":2,"featured_media":269410,"comment_status":"","ping_status":"","sticky":false,"template":"","format":"standard","meta":{"footnotes":"","_share_on_mastodon":"0"},"categories":[18],"tags":[89982,37,33,35,34,36,161,163,454,1357,6888,1359,167,4735,4736,159,158,700],"class_list":["post-269409","post","type-post","status-publish","format-standard","has-post-thumbnail","category-sport","tag-danil-kuraksin","tag-ee","tag-eesti","tag-eesti-keel","tag-estonia","tag-estonian","tag-fc-flora","tag-flora","tag-jarelkaja","tag-kalju","tag-kuraksin","tag-nomme-kalju","tag-premium-liiga","tag-rommi-siht","tag-siht","tag-sport","tag-sports","tag-tallinna-flora"],"share_on_mastodon":{"url":"https:\/\/pubeurope.com\/@ee\/117220021772514968","error":""},"_links":{"self":[{"href":"https:\/\/www.europesays.com\/ee\/wp-json\/wp\/v2\/posts\/269409","targetHints":{"allow":["GET"]}}],"collection":[{"href":"https:\/\/www.europesays.com\/ee\/wp-json\/wp\/v2\/posts"}],"about":[{"href":"https:\/\/www.europesays.com\/ee\/wp-json\/wp\/v2\/types\/post"}],"author":[{"embeddable":true,"href":"https:\/\/www.europesays.com\/ee\/wp-json\/wp\/v2\/users\/2"}],"replies":[{"embeddable":true,"href":"https:\/\/www.europesays.com\/ee\/wp-json\/wp\/v2\/comments?post=269409"}],"version-history":[{"count":0,"href":"https:\/\/www.europesays.com\/ee\/wp-json\/wp\/v2\/posts\/269409\/revisions"}],"wp:featuredmedia":[{"embeddable":true,"href":"https:\/\/www.europesays.com\/ee\/wp-json\/wp\/v2\/media\/269410"}],"wp:attachment":[{"href":"https:\/\/www.europesays.com\/ee\/wp-json\/wp\/v2\/media?parent=269409"}],"wp:term":[{"taxonomy":"category","embeddable":true,"href":"https:\/\/www.europesays.com\/ee\/wp-json\/wp\/v2\/categories?post=269409"},{"taxonomy":"post_tag","embeddable":true,"href":"https:\/\/www.europesays.com\/ee\/wp-json\/wp\/v2\/tags?post=269409"}],"curies":[{"name":"wp","href":"https:\/\/api.w.org\/{rel}","templated":true}]}}