{"id":269419,"date":"2026-09-05T19:26:08","date_gmt":"2026-09-05T19:26:08","guid":{"rendered":"https:\/\/www.europesays.com\/ee\/269419\/"},"modified":"2026-09-05T19:26:08","modified_gmt":"2026-09-05T19:26:08","slug":"fotod-tallinna-lauluvaljakule-on-kogunenud-rohkelt-fanne-armin-van-buuren-astub-peagi-lavale-kroonika","status":"publish","type":"post","link":"https:\/\/www.europesays.com\/ee\/269419\/","title":{"rendered":"FOTOD | Tallinna lauluv\u00e4ljakule on kogunenud rohkelt f\u00e4nne! Armin van Buuren astub peagi lavale &#8211; Kroonika"},"content":{"rendered":"<ol>\n<li><a href=\"https:\/\/news.google.com\/rss\/articles\/CBMi2AFBVV95cUxPSjR2WklmcEdFdWlOeXFUa3doYjE4M1M0aVRVMldfZW1YYUp0VFFjUVBDRGFiV195SEpzOXh2ZFNfVmhoNjBqNXN2VnBwX3JaQnlST2doTk9KYWUzU0hRSjM5ZHRnSDRiWDJGMlc3NWlVT21LdWluZ0RDR0k0UXFxWE5XMno4WWJEUEJBcTNkVU83bXhjQW9iQjVuTl9JUU5NWWJwbXJYQ2Z3Zm51cXNKMV9VTFBsd3VrMFFUTVEtdG4yc3hwWUo2QkcxV3E2SHhKWWlKVzZkXzE?oc=5\" target=\"_blank\" rel=\"nofollow noopener\">FOTOD | Tallinna lauluv\u00e4ljakule on kogunenud rohkelt f\u00e4nne! Armin van Buuren astub peagi lavale<\/a>&nbsp;&nbsp;Kroonika<\/li>\n<li><a href=\"https:\/\/news.google.com\/rss\/articles\/CBMitgFBVV95cUxQOVl1RC1LV2RtODE2UzNiV0d4c3JDSXg5YUM5bkE4eDNEd1d2MUhSaUo5bjVPSzU1ZEQtdjNvdFJtUnp1ZV8zYzNSNk5wX01JMEdyRzhrTDh1bnpzRDBpZE55RWtHTGVlTnNaQkRuWkJGUmRuQjdwWExxSE5TNlNEYnI3TTFkeTRlbWFFa0hWcHg4Z3FkbG85Z3BLdHZaY2F3NFM0cTVzMXBURU80eUQzRWZNeldIQQ?oc=5\" target=\"_blank\" rel=\"nofollow noopener\">TV3 uudised: mida tellis hotellituppa maailmakuulus DJ Armin Van Buuren?<\/a>&nbsp;&nbsp;tv3.ee<\/li>\n<li><a href=\"https:\/\/news.google.com\/rss\/articles\/CBMi2wFBVV95cUxNczgwMkppbG95dHZpV2RrbXhnTVc4YXV5dWkyWUk0NnRFMHZ5N0xDZVVITVpWeFB6MUFHYmRPYUNYMnR1TjVMSUp2blE0eHJNTkU2X3dDU1FmNjVfWnBWR0lyVndKYmo0ZzZYRXo2ZHpQTnRsMVYwV05hVXkwbFpSOWp1RDRqMHlFLUZiRllWbmpjUmhHa3hZaGFFM3NMeU8yMTVUVDZUdFdWbHlQN1JRS1JjMXdrZGJsNXQ4UE54RlRCU2lDdVdXdm9yUVB1Yl91SFJUd2otdVJGSVU?oc=5\" target=\"_blank\" rel=\"nofollow noopener\">\u00d5htul annab lauluv\u00e4ljakul kolmetunnise s\u00f5u legendaarne Armin van Buuren. Millega kohapeal arvestada?<\/a>&nbsp;&nbsp;Kroonika<\/li>\n<li><a href=\"https:\/\/news.google.com\/rss\/articles\/CBMiZEFVX3lxTE01Qklxa2xRUVhGOUlSUkdSNllhVFlEVDlVVFdvbEx3M216a2dRLUJUdU1zdGEzRDZwZUhaRVgzYUNTWE9lTUNKMUs1b2RINUlBazBQTnowalQ4V2lOT1JMZVJ0b1Q?oc=5\" target=\"_blank\" rel=\"nofollow noopener\">ARMIN VAN BUUREN VALLUTAB LAUP\u00c4EVAL TALLINNA LAULUV\u00c4LJAKU: 92% PILETITEST ON M\u00dc\u00dcDUD!<\/a>&nbsp;&nbsp;MuusikaPlaneet &#8211;<\/li>\n<li><a href=\"https:\/\/news.google.com\/rss\/articles\/CBMi8wFBVV95cUxPbnYwQzZUWmU3Q2c0WGpCMVF4VnVrWldYQWJiRElQMlRVMlJrTE9XTmJrTW1UaDh2cDhZMnJYZGhrUkRicW85WFVNSmpxOF96YWRhZEY1b0thQWFlYnkybUQ2UVRxSkIzMUtsRU9fREZhamFac2JGdjg4bzRNVzZmcmU0LWNTOTlkZ1J1ekd6MG8xMXVoR1RnZ1hZWF9uZ1JuRVBXOFJtaXEwSlQ3WG1LQS1kN08wV3dic3loaGpzWWRiV0lNM3BtRXZsUkg2TXA4S21STzhQaUdWZ3pZOEltbDdELXJqcy1RNWRyTFJTWjB1Mnc?oc=5\" target=\"_blank\" rel=\"nofollow noopener\">VIDEO | Armin van Buureni s\u00f5u lava kerkib hoogsalt. Kontserdi korraldaja Kaarel Sein: kingime talle s\u00fclti ja m\u00e4dar\u00f5igast<\/a>&nbsp;&nbsp;Kroonika<\/li>\n<\/ol>\n","protected":false},"excerpt":{"rendered":"FOTOD | Tallinna lauluv\u00e4ljakule on kogunenud rohkelt f\u00e4nne! Armin van Buuren astub peagi lavale&nbsp;&nbsp;Kroonika TV3 uudised: mida tellis&hellip;\n","protected":false},"author":2,"featured_media":269420,"comment_status":"","ping_status":"","sticky":false,"template":"","format":"standard","meta":{"footnotes":"","_share_on_mastodon":"0"},"categories":[5],"tags":[26,27,37,33,35,34,36,31,32,208,21,206,323,1426,287,241,28,29,1648,140,1646,144,19,25,322,150,1645,280,1651,1649,1647,23,24,1652,1650,22,20,30],"class_list":["post-269419","post","type-post","status-publish","format-standard","has-post-thumbnail","category-uldised-uudised","tag-breaking-news","tag-breakingnews","tag-ee","tag-eesti","tag-eesti-keel","tag-estonia","tag-estonian","tag-featured-news","tag-featurednews","tag-film","tag-headlines","tag-horoskoop","tag-inimesed","tag-kino","tag-kosmos","tag-kuulsused","tag-latest-news","tag-latestnews","tag-mangukoobas","tag-meelelahutus","tag-mp3","tag-muusika","tag-news","tag-populaarseimad-lood","tag-raadio","tag-seks","tag-staarid","tag-teadus","tag-telekava","tag-telekavad","tag-teletupsud","tag-top-stories","tag-topstories","tag-tv-kava","tag-tv-kavad","tag-uldised-uudised","tag-uudised","tag-viimased-uudised"],"share_on_mastodon":{"url":"","error":"Validation failed: Text character limit of 500 exceeded"},"_links":{"self":[{"href":"https:\/\/www.europesays.com\/ee\/wp-json\/wp\/v2\/posts\/269419","targetHints":{"allow":["GET"]}}],"collection":[{"href":"https:\/\/www.europesays.com\/ee\/wp-json\/wp\/v2\/posts"}],"about":[{"href":"https:\/\/www.europesays.com\/ee\/wp-json\/wp\/v2\/types\/post"}],"author":[{"embeddable":true,"href":"https:\/\/www.europesays.com\/ee\/wp-json\/wp\/v2\/users\/2"}],"replies":[{"embeddable":true,"href":"https:\/\/www.europesays.com\/ee\/wp-json\/wp\/v2\/comments?post=269419"}],"version-history":[{"count":0,"href":"https:\/\/www.europesays.com\/ee\/wp-json\/wp\/v2\/posts\/269419\/revisions"}],"wp:featuredmedia":[{"embeddable":true,"href":"https:\/\/www.europesays.com\/ee\/wp-json\/wp\/v2\/media\/269420"}],"wp:attachment":[{"href":"https:\/\/www.europesays.com\/ee\/wp-json\/wp\/v2\/media?parent=269419"}],"wp:term":[{"taxonomy":"category","embeddable":true,"href":"https:\/\/www.europesays.com\/ee\/wp-json\/wp\/v2\/categories?post=269419"},{"taxonomy":"post_tag","embeddable":true,"href":"https:\/\/www.europesays.com\/ee\/wp-json\/wp\/v2\/tags?post=269419"}],"curies":[{"name":"wp","href":"https:\/\/api.w.org\/{rel}","templated":true}]}}