{"id":269431,"date":"2026-09-05T20:06:15","date_gmt":"2026-09-05T20:06:15","guid":{"rendered":"https:\/\/www.europesays.com\/ee\/269431\/"},"modified":"2026-09-05T20:06:15","modified_gmt":"2026-09-05T20:06:15","slug":"mustmaa-teenis-debuutmangus-penalti-ja-sai-vigastada-reinkort-ja-kirpu-olid-resultatiivsed-soccernet-ee","status":"publish","type":"post","link":"https:\/\/www.europesays.com\/ee\/269431\/","title":{"rendered":"Mustmaa teenis deb\u00fc\u00fctm\u00e4ngus penalti ja sai vigastada, Reinkort ja Kirpu olid resultatiivsed &#8211; Soccernet.ee"},"content":{"rendered":"<p><img decoding=\"async\" src=\"https:\/\/www.europesays.com\/ee\/wp-content\/uploads\/2026\/09\/1788638775_289_1788630029.jpg\" alt=\"Karel Mustmaa. Foto: Liisi Troska \/ jalgpall.ee\"\/>&#13;\n<\/p>\n<p>Karel Mustmaa tegi Serbia k\u00f5rgliigas deb\u00fc\u00fcdi, kuid Eesti koondise r\u00fcndaja uus koduklubi Cukaricki kaotas v\u00f5\u00f5rsil 1:3 Radnikile.<\/p>\n<p>Cukaricki kaotas avapoolaja koguni 0:3 ja tegi seej\u00e4rel kolmikvahetuse, kui teiseks poolajaks p\u00e4\u00e4ses v\u00e4ljakule ka Mustmaa. Kuigi Cukaricki l\u00f5i kiiresti \u00fche v\u00e4rava tagasi, siis enamaks k\u00fclalised v\u00f5imelised ei olnud. M\u00e4ngu l\u00f5pus m\u00e4\u00e4rati VAR-i abiga Cukaricki kasuks penalti, kui vastasm\u00e4ngija tabas k\u00fc\u00fcnarnukiga Mustmaa pead ja sai punase kaardi. Mustmaa vahetati seej\u00e4rel peavigastuse v\u00e4lja ja Cukaricki ei suutnud penaltit realiseerida.&#13;\n<\/p>\n<p>&#13;\n<\/p>\n<p>Seega l\u00f5ppes Mustmaa deb\u00fc\u00fct Serbia k\u00f5rgliigas 1:3 kaotusega. Kolmanda kaotuse j\u00e4rjest saanud Cukaricki on kaheksa m\u00e4nguga kogunud k\u00fcmme punkti ja asub 14 meeskonna konkurentsis kaheksandal kohal.<\/p>\n<p>Slovakkia k\u00f5rgliigas kohtusid eestlaste koduklubid, kui alates 37. minutist k\u00fcmnekesi m\u00e4nginud Michalovce alistas kodus 3:1 Trencini. Markus Poom (Trencin) sai kirja t\u00e4ism\u00e4ngu, Dimitri Jepihhin (Trencin) j\u00e4lgis kohtumist pingilt, vigastatud Nikita Mihhailov (Michalovce) ja Kristo Hussar (Trencin) puudusid koosseisust. Michalovce asub k\u00fcmne punktiga viiendal kohal ja Trencin viie punktiga \u00fcheksandal tabelireal.&#13;\n<\/p>\n<p>Siret R\u00e4\u00e4meti, Jaanika Volkovi ja Katrin Kirpu koduklubi Linzi LASK alistas Austria karikav\u00f5istluste esimeses ringis madalama liiga klubi GAK-i 3:0. K\u00f5ik eestlannad olid LASK-i algkoosseisus ja Kirpu l\u00f5i 13. minutil terava nurga alt seisuks 2:0. R\u00e4\u00e4met sai kirja t\u00e4ism\u00e4ngu, Kirpu vahetati v\u00e4lja 58. ja Volkov 67. minutil.&#13;\n<\/p>\n<p>Vlada Kubassova koduklubi Ferencvaros sai Ungari k\u00f5rgliigas \u00fche viigi k\u00f5rvale hooaja neljanda v\u00f5idu, alistades v\u00f5\u00f5rsil 1:0 Honvedi. T\u00e4ism\u00e4ngu kirja saanud Kubassova oli osaline ainsas v\u00e4ravas, kui nurgal\u00f6\u00f6k avapoolaja l\u00f5pus lendas napilt \u00fcle eestlanna ja p\u00f5rkas Honvedi m\u00e4ngijast omav\u00e4ravasse.&#13;\n<\/p>\n<p>Sten Reinkort sai Islandi tugevuselt kolmandas liigas kirja t\u00e4ism\u00e4ngu ja kaks v\u00e4ravat, aidates Kormarkur\/Hv\u00f6ti v\u00f5\u00f5rsil 4:3 v\u00f5iduni Hviti Riddarinni \u00fcle. Kormarkur asub 12 meeskonna konkurentsis kuuendal kohal.&#13;\n<\/p>\n<p>Kristoffer Grauberg ja Sollentuna alistasid Rootsi tugevuselt kolmandas liigas kodus 1:0 Gefle. Grauberg alustas m\u00e4ngu algkoosseisus ja vahetati 76. minutil v\u00e4lja. Sollentuna paikneb 16 meeskonna konkurentsis 12. kohal.&#13;\n<\/p>\n<p>Aleksandr Lohmatovi koduklubi Pohronie teenis Slovakkia esiliigas v\u00f5\u00f5rsil 2:1 v\u00f5idu Zvoleni \u00fcle. Lohmatov sekkus 71. minutil vahetusest, kui k\u00f5ik v\u00e4ravad olid l\u00f6\u00f6dud. Pohronie j\u00e4tkab tabelis kolmandal kohal.&#13;<\/p>\n","protected":false},"excerpt":{"rendered":"&#13; Karel Mustmaa tegi Serbia k\u00f5rgliigas deb\u00fc\u00fcdi, kuid Eesti koondise r\u00fcndaja uus koduklubi Cukaricki kaotas v\u00f5\u00f5rsil 1:3 Radnikile.&hellip;\n","protected":false},"author":2,"featured_media":269432,"comment_status":"","ping_status":"","sticky":false,"template":"","format":"standard","meta":{"footnotes":"","_share_on_mastodon":"0"},"categories":[18],"tags":[8266,103379,916,37,33,35,34,36,1031,14748,33281,471,5989,6886,9308,9309,104187,104188,7956,30069,1032,472,474,10509,6889,58306,12594,6892,18069,48597,6893,475,16094,477,100751,159,158,16095,5991,1035,478],"class_list":["post-269431","post","type-post","status-publish","format-standard","has-post-thumbnail","category-sport","tag-aleksandr-lohmatov","tag-cukaricki","tag-dimitri-jepihhin","tag-ee","tag-eesti","tag-eesti-keel","tag-estonia","tag-estonian","tag-ferencvaros","tag-grauberg","tag-hussar","tag-jaanika-volkov","tag-jepihhin","tag-karel-mustmaa","tag-katrin-kirpu","tag-kirpu","tag-kormarkur","tag-kormarkur-hvot","tag-kristo-hussar","tag-kristoffer-grauberg","tag-kubassova","tag-lask","tag-linzi-lask","tag-lohmatov","tag-markus-poom","tag-michalovce","tag-mihhailov","tag-mustmaa","tag-nikita-mihhailov","tag-pohronie","tag-poom","tag-raamet","tag-reinkort","tag-siret-raamet","tag-sollentuna","tag-sport","tag-sports","tag-sten-reinkort","tag-trencin","tag-vlada-kubassova","tag-volkov"],"share_on_mastodon":{"url":"","error":"Validation failed: Text character limit of 500 exceeded"},"_links":{"self":[{"href":"https:\/\/www.europesays.com\/ee\/wp-json\/wp\/v2\/posts\/269431","targetHints":{"allow":["GET"]}}],"collection":[{"href":"https:\/\/www.europesays.com\/ee\/wp-json\/wp\/v2\/posts"}],"about":[{"href":"https:\/\/www.europesays.com\/ee\/wp-json\/wp\/v2\/types\/post"}],"author":[{"embeddable":true,"href":"https:\/\/www.europesays.com\/ee\/wp-json\/wp\/v2\/users\/2"}],"replies":[{"embeddable":true,"href":"https:\/\/www.europesays.com\/ee\/wp-json\/wp\/v2\/comments?post=269431"}],"version-history":[{"count":0,"href":"https:\/\/www.europesays.com\/ee\/wp-json\/wp\/v2\/posts\/269431\/revisions"}],"wp:featuredmedia":[{"embeddable":true,"href":"https:\/\/www.europesays.com\/ee\/wp-json\/wp\/v2\/media\/269432"}],"wp:attachment":[{"href":"https:\/\/www.europesays.com\/ee\/wp-json\/wp\/v2\/media?parent=269431"}],"wp:term":[{"taxonomy":"category","embeddable":true,"href":"https:\/\/www.europesays.com\/ee\/wp-json\/wp\/v2\/categories?post=269431"},{"taxonomy":"post_tag","embeddable":true,"href":"https:\/\/www.europesays.com\/ee\/wp-json\/wp\/v2\/tags?post=269431"}],"curies":[{"name":"wp","href":"https:\/\/api.w.org\/{rel}","templated":true}]}}