{"id":269433,"date":"2026-09-05T20:09:16","date_gmt":"2026-09-05T20:09:16","guid":{"rendered":"https:\/\/www.europesays.com\/ee\/269433\/"},"modified":"2026-09-05T20:09:16","modified_gmt":"2026-09-05T20:09:16","slug":"galerii-%e2%9f%a9-ulenurmel-kohtusid-publikuga-eesti-parimad-touloomad","status":"publish","type":"post","link":"https:\/\/www.europesays.com\/ee\/269433\/","title":{"rendered":"GALERII \u27e9 \u00dclenurmel kohtusid publikuga Eesti parimad t\u00f5uloomad"},"content":{"rendered":"<p>\u00dclenurme s\u00fcgislaada ja n\u00e4ituse T\u00f5uloom 2026 keskmes olid t\u00e4na veised, hobused, lambad, linnud ja k\u00fc\u00fclikud. T\u00e4navu t\u00e4histab Eesti \u00fcks pikaajalisemaid t\u00f5uloomakasvatust tutvustavaid s\u00fcndmusi juba 35. aastap\u00e4eva.<\/p>\n<p>Eesti p\u00f5llumajandusmuuseumi areen t\u00e4itus taas Eesti parimate t\u00f5uloomadega. P\u00e4eva jooksul tunnustati ka parimaid t\u00f5uloomakasvatajaid p\u00fchendunud ja tulemusliku t\u00f6\u00f6 eest.<\/p>\n","protected":false},"excerpt":{"rendered":"\u00dclenurme s\u00fcgislaada ja n\u00e4ituse T\u00f5uloom 2026 keskmes olid t\u00e4na veised, hobused, lambad, linnud ja k\u00fc\u00fclikud. T\u00e4navu t\u00e4histab Eesti&hellip;\n","protected":false},"author":2,"featured_media":269434,"comment_status":"","ping_status":"","sticky":false,"template":"","format":"standard","meta":{"footnotes":"","_share_on_mastodon":"0"},"categories":[12],"tags":[4843,26,27,37,33,35,591,34,36,31,32,21,28,29,3448,19,25,249,1802,23,24,4842,22,293,20,30],"class_list":["post-269433","post","type-post","status-publish","format-standard","has-post-thumbnail","category-eesti","tag-annelinn","tag-breaking-news","tag-breakingnews","tag-ee","tag-eesti","tag-eesti-keel","tag-emajogi","tag-estonia","tag-estonian","tag-featured-news","tag-featurednews","tag-headlines","tag-latest-news","tag-latestnews","tag-maaulikool","tag-news","tag-populaarseimad-lood","tag-tartu","tag-tartumaa","tag-top-stories","tag-topstories","tag-tu","tag-uldised-uudised","tag-ulikool","tag-uudised","tag-viimased-uudised"],"share_on_mastodon":{"url":"https:\/\/pubeurope.com\/@ee\/117220249976882126","error":""},"_links":{"self":[{"href":"https:\/\/www.europesays.com\/ee\/wp-json\/wp\/v2\/posts\/269433","targetHints":{"allow":["GET"]}}],"collection":[{"href":"https:\/\/www.europesays.com\/ee\/wp-json\/wp\/v2\/posts"}],"about":[{"href":"https:\/\/www.europesays.com\/ee\/wp-json\/wp\/v2\/types\/post"}],"author":[{"embeddable":true,"href":"https:\/\/www.europesays.com\/ee\/wp-json\/wp\/v2\/users\/2"}],"replies":[{"embeddable":true,"href":"https:\/\/www.europesays.com\/ee\/wp-json\/wp\/v2\/comments?post=269433"}],"version-history":[{"count":0,"href":"https:\/\/www.europesays.com\/ee\/wp-json\/wp\/v2\/posts\/269433\/revisions"}],"wp:featuredmedia":[{"embeddable":true,"href":"https:\/\/www.europesays.com\/ee\/wp-json\/wp\/v2\/media\/269434"}],"wp:attachment":[{"href":"https:\/\/www.europesays.com\/ee\/wp-json\/wp\/v2\/media?parent=269433"}],"wp:term":[{"taxonomy":"category","embeddable":true,"href":"https:\/\/www.europesays.com\/ee\/wp-json\/wp\/v2\/categories?post=269433"},{"taxonomy":"post_tag","embeddable":true,"href":"https:\/\/www.europesays.com\/ee\/wp-json\/wp\/v2\/tags?post=269433"}],"curies":[{"name":"wp","href":"https:\/\/api.w.org\/{rel}","templated":true}]}}