{"id":269437,"date":"2026-09-05T20:17:29","date_gmt":"2026-09-05T20:17:29","guid":{"rendered":"https:\/\/www.europesays.com\/ee\/269437\/"},"modified":"2026-09-05T20:17:29","modified_gmt":"2026-09-05T20:17:29","slug":"fotod-%e2%9f%a9-president-karis-elas-aronile-kaasa","status":"publish","type":"post","link":"https:\/\/www.europesays.com\/ee\/269437\/","title":{"rendered":"FOTOD \u27e9 President Karis elas Aronile kaasa"},"content":{"rendered":"<p>\u00abEesti on autospordimaa. Seda ka F1 tasemel, kus Paul Aron on s\u00f5itmas end maailma kiiremate meeste sekka,\u00bb kirjutas president Karis sotsiaalmeedias. \u00abUhke tunne oli t\u00e4na legendaarsel Monza ringrajal koos Eesti Autospordi Liidu president Toivo Asmeri, treener Karl P\u00e4rjam\u00e4e ja Pauli toetava perega s\u00f5idule kaasa elada ja tema karj\u00e4\u00e4ri edenemisele abiks olla,\u00bb lisas riigipea.<\/p>\n<p>Eesti presidendi kohaolek avaldas ka v\u00e4lismeediale muljet. Sky Sports kiitis oma otse\u00fclekandes Paul Aronit ja mainis, et Eesti president oli kohal.<\/p>\n","protected":false},"excerpt":{"rendered":"\u00abEesti on autospordimaa. Seda ka F1 tasemel, kus Paul Aron on s\u00f5itmas end maailma kiiremate meeste sekka,\u00bb kirjutas&hellip;\n","protected":false},"author":2,"featured_media":269438,"comment_status":"","ping_status":"","sticky":false,"template":"","format":"standard","meta":{"footnotes":"","_share_on_mastodon":"0"},"categories":[18],"tags":[1687,103890,37,33,18951,35,34,36,103888,103887,103889,1163,67591,159,158,17553,4487],"class_list":["post-269437","post","type-post","status-publish","format-standard","has-post-thumbnail","category-sport","tag-alar-karis","tag-autospord","tag-ee","tag-eesti","tag-eesti-autospordi-liit","tag-eesti-keel","tag-estonia","tag-estonian","tag-itaalia-grand-prix","tag-karl-parjamae","tag-monza-ringrada","tag-paul-aron","tag-sky-sports","tag-sport","tag-sports","tag-toivo-asmer","tag-vormel-1"],"share_on_mastodon":{"url":"https:\/\/pubeurope.com\/@ee\/117220281023552213","error":""},"_links":{"self":[{"href":"https:\/\/www.europesays.com\/ee\/wp-json\/wp\/v2\/posts\/269437","targetHints":{"allow":["GET"]}}],"collection":[{"href":"https:\/\/www.europesays.com\/ee\/wp-json\/wp\/v2\/posts"}],"about":[{"href":"https:\/\/www.europesays.com\/ee\/wp-json\/wp\/v2\/types\/post"}],"author":[{"embeddable":true,"href":"https:\/\/www.europesays.com\/ee\/wp-json\/wp\/v2\/users\/2"}],"replies":[{"embeddable":true,"href":"https:\/\/www.europesays.com\/ee\/wp-json\/wp\/v2\/comments?post=269437"}],"version-history":[{"count":0,"href":"https:\/\/www.europesays.com\/ee\/wp-json\/wp\/v2\/posts\/269437\/revisions"}],"wp:featuredmedia":[{"embeddable":true,"href":"https:\/\/www.europesays.com\/ee\/wp-json\/wp\/v2\/media\/269438"}],"wp:attachment":[{"href":"https:\/\/www.europesays.com\/ee\/wp-json\/wp\/v2\/media?parent=269437"}],"wp:term":[{"taxonomy":"category","embeddable":true,"href":"https:\/\/www.europesays.com\/ee\/wp-json\/wp\/v2\/categories?post=269437"},{"taxonomy":"post_tag","embeddable":true,"href":"https:\/\/www.europesays.com\/ee\/wp-json\/wp\/v2\/tags?post=269437"}],"curies":[{"name":"wp","href":"https:\/\/api.w.org\/{rel}","templated":true}]}}