{"id":269449,"date":"2026-09-05T20:49:30","date_gmt":"2026-09-05T20:49:30","guid":{"rendered":"https:\/\/www.europesays.com\/ee\/269449\/"},"modified":"2026-09-05T20:49:30","modified_gmt":"2026-09-05T20:49:30","slug":"galerii-baltimaade-ooperigala-toi-estoniasse-kolme-riigi-tippsolistid-muusika","status":"publish","type":"post","link":"https:\/\/www.europesays.com\/ee\/269449\/","title":{"rendered":"Galerii: Baltimaade ooperigala t\u00f5i Estoniasse kolme riigi tippsolistid | Muusika"},"content":{"rendered":"<p>Rahvusooper Estonia lavale j\u00f5udis reedel esimest korda Baltimaade ooperigala, kus publiku ette astusid Eesti, L\u00e4ti ja Leedu tippsolistid. Gala pani aluse uuele iga-aastasele koost\u00f6\u00f6formaadile, mis hakkab edaspidi toimuma vaheldumisi kolmes Balti riigis.<\/p>\n<p>&#8220;Baltimaade ooperigala sai teoks t\u00e4nu eelmisel aastal Eesti, L\u00e4ti ja Leedu rahvusooperite vahel s\u00f5lmitud kultuurikokkuleppele, mille eesm\u00e4rk on laiendada loomingulist koost\u00f6\u00f6d ning tutvustada publikule Baltimaade ooperikunsti ja muusikute paremikku,&#8221; \u00fctles Rahvusooper Estonia peadirektor\u00a0Ott Maaten.<\/p>\n<p>Gala kava panid \u00fchiselt kokku kolme ooperimaja peadirigendid\u00a0Arvo Volmer,\u00a0M\u0101rti\u0146\u0161 Ozoli\u0146\u0161\u00a0ja\u00a0Ri\u010dardas \u0160umila.<\/p>\n<p>Eestit esindasid kontserdil sopran\u00a0Kadri Raalik, bass\u00a0Raiko Raalik\u00a0ja tenor\u00a0Yixuan Wang, Leedut sopran\u00a0Gabriel\u0117 Bukin\u0117\u00a0ja bariton\u00a0Steponas Zonys\u00a0ning L\u00e4tit metsosopran\u00a0Irma Pav\u0101re\u00a0ja tenor\u00a0M\u0101rti\u0146\u0161 \u0160maukstelis. Laval oli Estonia orkester ja koor ning kontserti juhatajas\u00a0Arvo Volmer.<\/p>\n<p>J\u00e4rgmine Baltimaade ooperigala toimub 8. mail 2027 Leedus.<\/p>\n<p>Vana Tallinn Baltimaade galat saab vaadata ETV-st laup\u00e4eva \u00f5htul kell 21.35, kontsert j\u00e4\u00e4b Jupiteri j\u00e4relvaadatavaks.<\/p>\n","protected":false},"excerpt":{"rendered":"Rahvusooper Estonia lavale j\u00f5udis reedel esimest korda Baltimaade ooperigala, kus publiku ette astusid Eesti, L\u00e4ti ja Leedu tippsolistid.&hellip;\n","protected":false},"author":2,"featured_media":269450,"comment_status":"","ping_status":"","sticky":false,"template":"","format":"standard","meta":{"footnotes":"","_share_on_mastodon":"0"},"categories":[16],"tags":[104078,37,33,35,173,34,36,140],"class_list":["post-269449","post","type-post","status-publish","format-standard","has-post-thumbnail","category-meelelahutus","tag-baltimaade-ooperigala","tag-ee","tag-eesti","tag-eesti-keel","tag-entertainment","tag-estonia","tag-estonian","tag-meelelahutus"],"share_on_mastodon":{"url":"https:\/\/pubeurope.com\/@ee\/117220406967000527","error":""},"_links":{"self":[{"href":"https:\/\/www.europesays.com\/ee\/wp-json\/wp\/v2\/posts\/269449","targetHints":{"allow":["GET"]}}],"collection":[{"href":"https:\/\/www.europesays.com\/ee\/wp-json\/wp\/v2\/posts"}],"about":[{"href":"https:\/\/www.europesays.com\/ee\/wp-json\/wp\/v2\/types\/post"}],"author":[{"embeddable":true,"href":"https:\/\/www.europesays.com\/ee\/wp-json\/wp\/v2\/users\/2"}],"replies":[{"embeddable":true,"href":"https:\/\/www.europesays.com\/ee\/wp-json\/wp\/v2\/comments?post=269449"}],"version-history":[{"count":0,"href":"https:\/\/www.europesays.com\/ee\/wp-json\/wp\/v2\/posts\/269449\/revisions"}],"wp:featuredmedia":[{"embeddable":true,"href":"https:\/\/www.europesays.com\/ee\/wp-json\/wp\/v2\/media\/269450"}],"wp:attachment":[{"href":"https:\/\/www.europesays.com\/ee\/wp-json\/wp\/v2\/media?parent=269449"}],"wp:term":[{"taxonomy":"category","embeddable":true,"href":"https:\/\/www.europesays.com\/ee\/wp-json\/wp\/v2\/categories?post=269449"},{"taxonomy":"post_tag","embeddable":true,"href":"https:\/\/www.europesays.com\/ee\/wp-json\/wp\/v2\/tags?post=269449"}],"curies":[{"name":"wp","href":"https:\/\/api.w.org\/{rel}","templated":true}]}}