{"id":269455,"date":"2026-09-05T21:00:38","date_gmt":"2026-09-05T21:00:38","guid":{"rendered":"https:\/\/www.europesays.com\/ee\/269455\/"},"modified":"2026-09-05T21:00:38","modified_gmt":"2026-09-05T21:00:38","slug":"koit-raudsepp-raadio-2-9","status":"publish","type":"post","link":"https:\/\/www.europesays.com\/ee\/269455\/","title":{"rendered":"Koit Raudsepp | Raadio 2"},"content":{"rendered":"<p><img decoding=\"async\" src=\"https:\/\/www.europesays.com\/ee\/wp-content\/uploads\/2026\/09\/1788642038_461_2890530hf782t72.jpg\" alt=\"\"\/><\/p>\n<p>Koit Raudsepp Autor\/allikas: Ken M\u00fcrk\/ERR\t\t\t\t<\/p>\n<p>Esmasp\u00e4evast reedeni 360 kraadi uut muusikat meilt ja mujalt &#8211; nii maa alt, kui maa pealt. N\u00e4dala singlid ja deb\u00fc\u00fcdid, R2 N\u00e4dala plaat ja muidugi k\u00f5ige kuumemad lood maailmas t\u00e4na!<\/p>\n<p>Laup\u00e4eviti ajatu igihaljas &#8211; aastap\u00e4eva albumid, kordusv\u00e4ljaanded ja muu vana kuld<\/p>\n<p>Saatejuht Koit Raudsepp<\/p>\n<p>Saade on eetris esmasp\u00e4evast reedeni kell 18:00 ja laup\u00e4eval kell 10:00.<\/p>\n<p>Kuula ka:<\/p>\n<p><a href=\"https:\/\/r2.err.ee\/arhiiv\/r2-nadala-plaat\" target=\"_blank\" rel=\"noopener nofollow\">N\u00e4dala plaadi intervjuud<\/a><\/p>\n<p><a href=\"https:\/\/r2.err.ee\/arhiiv\/r2-nadala-debuut\" target=\"_blank\" rel=\"noopener nofollow\">N\u00e4dala deb\u00fc\u00fct<\/a><\/p>\n<p>Varasemaid n\u00e4dal plaadi intervjuud asuvad <a href=\"https:\/\/arhiiv.err.ee\/audio\/seeria\/nadala-plaat\" target=\"_blank\" rel=\"noopener nofollow\">ERR-i arhiivis!<\/a><\/p>\n<p>Raadio 2 sotsiaalmeedias \u00a0<a href=\"https:\/\/www.facebook.com\/Raadio2\" target=\"_blank\" rel=\"noopener nofollow\">R2 @ Facebook<\/a>\u00a0ja\u00a0<a href=\"https:\/\/www.instagram.com\/raadio2\/?hl=en\" target=\"_blank\" rel=\"noopener nofollow\">R2 @ Instagram<\/a><\/p>\n<p><a href=\"https:\/\/wa.me\/message\/5EXX32CY6P23K1\" target=\"_blank\" rel=\"noopener nofollow\">R2 Whatsapp<\/a>\u00a0+372 5682 6566\u00a0<a href=\"https:\/\/wa.me\/message\/5EXX32CY6P23K1\" target=\"_blank\" rel=\"noopener nofollow\">(https:\/\/wa.me\/message\/5EXX32CY6P23K1)<\/a><\/p>\n<p>Kirjuta meile saatesse koit.raudsepp[\u00e4t]err.ee<\/p>\n<p>Uus muusika saada muusika[\u00e4t]err.ee<\/p>\n<p>*Saadet saab j\u00e4rele kuulata ja alla laadida 100 p\u00e4eva.<\/p>\n<p><script async src=\"\/\/www.instagram.com\/embed.js\"><\/script><\/p>\n","protected":false},"excerpt":{"rendered":"Koit Raudsepp Autor\/allikas: Ken M\u00fcrk\/ERR Esmasp\u00e4evast reedeni 360 kraadi uut muusikat meilt ja mujalt &#8211; nii maa alt,&hellip;\n","protected":false},"author":2,"featured_media":269456,"comment_status":"","ping_status":"","sticky":false,"template":"","format":"standard","meta":{"footnotes":"","_share_on_mastodon":"0"},"categories":[16],"tags":[37,33,35,173,34,36,140],"class_list":["post-269455","post","type-post","status-publish","format-standard","has-post-thumbnail","category-meelelahutus","tag-ee","tag-eesti","tag-eesti-keel","tag-entertainment","tag-estonia","tag-estonian","tag-meelelahutus"],"share_on_mastodon":{"url":"https:\/\/pubeurope.com\/@ee\/117220450655028286","error":""},"_links":{"self":[{"href":"https:\/\/www.europesays.com\/ee\/wp-json\/wp\/v2\/posts\/269455","targetHints":{"allow":["GET"]}}],"collection":[{"href":"https:\/\/www.europesays.com\/ee\/wp-json\/wp\/v2\/posts"}],"about":[{"href":"https:\/\/www.europesays.com\/ee\/wp-json\/wp\/v2\/types\/post"}],"author":[{"embeddable":true,"href":"https:\/\/www.europesays.com\/ee\/wp-json\/wp\/v2\/users\/2"}],"replies":[{"embeddable":true,"href":"https:\/\/www.europesays.com\/ee\/wp-json\/wp\/v2\/comments?post=269455"}],"version-history":[{"count":0,"href":"https:\/\/www.europesays.com\/ee\/wp-json\/wp\/v2\/posts\/269455\/revisions"}],"wp:featuredmedia":[{"embeddable":true,"href":"https:\/\/www.europesays.com\/ee\/wp-json\/wp\/v2\/media\/269456"}],"wp:attachment":[{"href":"https:\/\/www.europesays.com\/ee\/wp-json\/wp\/v2\/media?parent=269455"}],"wp:term":[{"taxonomy":"category","embeddable":true,"href":"https:\/\/www.europesays.com\/ee\/wp-json\/wp\/v2\/categories?post=269455"},{"taxonomy":"post_tag","embeddable":true,"href":"https:\/\/www.europesays.com\/ee\/wp-json\/wp\/v2\/tags?post=269455"}],"curies":[{"name":"wp","href":"https:\/\/api.w.org\/{rel}","templated":true}]}}