{"id":269465,"date":"2026-09-05T21:45:12","date_gmt":"2026-09-05T21:45:12","guid":{"rendered":"https:\/\/www.europesays.com\/ee\/269465\/"},"modified":"2026-09-05T21:45:12","modified_gmt":"2026-09-05T21:45:12","slug":"alvarez-saigi-oma-voimaluse-aga-atletico-ohtu-varvus-mustaks-kollane-allveelaev-ikka-voiduta-soccernet-ee","status":"publish","type":"post","link":"https:\/\/www.europesays.com\/ee\/269465\/","title":{"rendered":"Alvarez saigi oma v\u00f5imaluse, aga Atletico \u00f5htu v\u00e4rvus mustaks (Kollane Allveelaev ikka v\u00f5iduta) &#8211; Soccernet.ee"},"content":{"rendered":"<p><img decoding=\"async\" src=\"https:\/\/www.europesays.com\/ee\/wp-content\/uploads\/2026\/09\/1788626088.jpg\" alt=\"Julian Alvarez sekkus pingilt. Foto: Scanpix \/ Javier Zorrilla \/ EPA\"\/>&#13;\n<\/p>\n<p>Madridi Atletico peatreener Diego Simeone lubas Julian Alvarezile uue v\u00f5imaluse anda ja pidas oma s\u00f5na, kuid argentiinlase sekkumise ajaks leiti end juba 0:2 kaotusseisust ja l\u00f5puks naasti Baskimaalt 0:3 sahmakaga.<\/p>\n<p>Atletico k\u00fclastas Bilbao Athleticut ja miski ei ennustanud musta \u00f5htut, kui Kang-In Lee juba kolmandal minutil kodumeeskonna v\u00e4ravaposti tugevust testis. Poolaja l\u00f5pus sai samaga hakkama Pablo Barrios.&#13;\n<\/p>\n<p>Teise poolaja algus osutus aga pealinlaste \u00f5udusunen\u00e4oks. Kohe esimesel minutil kombineerisid vennad Williamsid kodumeeskonna juhtv\u00e4rava ning kaks minutit hiljem andis Inaki Williams oma teise v\u00e4ravas\u00f6\u00f6du, seekord Robert Navarrole.&#13;\n<\/p>\n<p>Simeone vaatas pingi poole ning t\u00f5i enne tunni aja t\u00e4itumist neli uut meest v\u00e4ljakule, nende hulgas ka Alvarez, kes suvises \u00fcleminekuaknas Barcelona ridadesse ihkas ning oma praeguse klubi ja selle f\u00e4nnidega v\u00e4gikaigast vedas. Argentina r\u00fcndaja v\u00f5luski \u00fchest olukorrast v\u00e4ga hea l\u00f6\u00f6gi v\u00e4lja, kuid Unai Simon vastas sama hiilgava t\u00f5rjega.<\/p>\n<p>L\u00f5pu eel l\u00f5i Oihan Sancet kontrar\u00fcnnakul Athleticu kolmanda ja otsustas l\u00f5plikult m\u00e4ngu saatuse. Hooaega kahe kaotusega alustanud baskid on seej\u00e4rel kaks m\u00e4ngu j\u00e4rjest v\u00f5itnud, t\u00f5ustes Atleticost vaid \u00fche punkti kaugusele.&#13;\n<\/p>\n<p>Hooaja esimese kaotuse saanud Atleticot ootab Alvarezi \u00f5nneks veel kaks v\u00f5\u00f5rsilm\u00e4ngu (Meistrite liigas Liverpooliga ja j\u00e4lle Baskimaal Real Sociedadiga), enne kui uuesti kodupubliku ette astutakse. Niisiis on tal enne taaskohtumist veel aega v\u00e4ravatega f\u00e4nnide s\u00fcdameid soojendada.&#13;\n<\/p>\n<blockquote class=\"twitter-tweet\"><p>&#13;<\/p>\n<p lang=\"es\" dir=\"ltr\">3 &#8211; El <a href=\"https:\/\/x.com\/AthleticClub?ref_src=twsrc%5Etfw\" rel=\"nofollow\">@AthleticClub<\/a> (3-0) ha logrado su mayor victoria ante el <a href=\"https:\/\/x.com\/Atleti?ref_src=twsrc%5Etfw\" rel=\"nofollow\">@Atleti<\/a> en <a href=\"https:\/\/x.com\/LaLiga?ref_src=twsrc%5Etfw\" rel=\"nofollow\">@LaLiga<\/a> desde enero de 2013, cuando le gan\u00f3 tambi\u00e9n por 3-0 en San Mam\u00e9s, con Marcelo Bielsa como entrenador.<\/p>\n<p>Sensaciones. <a href=\"https:\/\/t.co\/ZEjaHUVTIH\" rel=\"nofollow\">pic.twitter.com\/ZEjaHUVTIH<\/a>&#13;<br \/>\n\u2014 OptaJose (@OptaJose) <a href=\"https:\/\/x.com\/OptaJose\/status\/2096275592110834049?ref_src=twsrc%5Etfw\" rel=\"nofollow\">September 5, 2026<\/a><\/p>\n<\/blockquote>\n<p>Eelmise hooaja pronksimeeskond Villarreal on nelja vooru j\u00e4rel endiselt v\u00f5iduta ja vaid kahe punkti peal. Kodus anti kaks korda edu k\u00e4est ja kaotati l\u00f5puks 2:3 kaheksa-aastase pausi j\u00e4rel k\u00f5rgliigasse naasnud Deportivo A Corunale. Nicolas Pepe tabamusele vastas avapoolaja l\u00f5pus Cruz Luismi, ent Adama Traore narr omav\u00e4rav viis 76. minutil uuesti Villarreali juhtima. Tajon Buchanan otsustas Gerard Moreno tsenderdust peaga mitte r\u00fcnnata, ent tema selja taha kaitsjaid abistama jooksnud Traore suunas kaarpalli tahtmatult t\u00e4pselt tagumisse v\u00e4ravanurka.<\/p>\n<p>Depor suutis aga seekord v\u00e4ga kiirelt vastata, sest vahetusest sekkunud Zakaria Eddahchouri kasutas kaitsjate prohmaka \u00e4ra ja saatis palli terava nurga alt eesmise posti k\u00f5rvale. M\u00f5lemale k\u00fclaliste v\u00e4ravale eelt\u00f6\u00f6 teinud 37-aastane veteranr\u00fcndaja Pierre-Emerick Aubameyang v\u00f5ttis seej\u00e4rel ohjad enda k\u00e4tte ja l\u00f5i 88. minutil k\u00fclaliste 3:2 viigiv\u00e4rava, mis hoiab kaks v\u00f5itu ja kaks viiki kogunud meeskonda tabelis k\u00f5rgel neljandal real.&#13;\n<\/p>\n<p>Teine k\u00f5rgliigasse naasja Racing Santander oli risti vastupidises rollis, minnes v\u00f5\u00f5rsil ise kaks korda Rayo Vallecano vastu juhtima, ent kaotades l\u00f5puks ikkagi 2:3. Kodumeeskonna kangelaseks kerkis kahe v\u00e4rava ja \u00fche v\u00e4ravas\u00f6\u00f6duga Sergio Camello, kellel on kolme viimase liigam\u00e4nguga kirjas juba viis tabamust.&#13;\n<\/p>\n<p>          <script async src=\"https:\/\/platform.twitter.com\/widgets.js\" charset=\"utf-8\"><\/script><\/p>\n","protected":false},"excerpt":{"rendered":"&#13; Madridi Atletico peatreener Diego Simeone lubas Julian Alvarezile uue v\u00f5imaluse anda ja pidas oma s\u00f5na, kuid argentiinlase&hellip;\n","protected":false},"author":2,"featured_media":269466,"comment_status":"","ping_status":"","sticky":false,"template":"","format":"standard","meta":{"footnotes":"","_share_on_mastodon":"0"},"categories":[18],"tags":[1738,1134,1739,10378,1135,103164,104193,37,33,35,34,36,110,104194,1745,606,79004,34964,1748,159,158,1140,79005],"class_list":["post-269465","post","type-post","status-publish","format-standard","has-post-thumbnail","category-sport","tag-alvarez","tag-athletic-club","tag-atletico","tag-aubameyang","tag-bilbao-athletic","tag-camello","tag-deportivo-a-coruna","tag-ee","tag-eesti","tag-eesti-keel","tag-estonia","tag-estonian","tag-hispaania","tag-inaki-williams","tag-julian-alvarez","tag-la-liga","tag-nico-williams","tag-racing-santander","tag-rayo-vallecano","tag-sport","tag-sports","tag-villarreal","tag-williams"],"share_on_mastodon":{"url":"https:\/\/pubeurope.com\/@ee\/117220627648876273","error":""},"_links":{"self":[{"href":"https:\/\/www.europesays.com\/ee\/wp-json\/wp\/v2\/posts\/269465","targetHints":{"allow":["GET"]}}],"collection":[{"href":"https:\/\/www.europesays.com\/ee\/wp-json\/wp\/v2\/posts"}],"about":[{"href":"https:\/\/www.europesays.com\/ee\/wp-json\/wp\/v2\/types\/post"}],"author":[{"embeddable":true,"href":"https:\/\/www.europesays.com\/ee\/wp-json\/wp\/v2\/users\/2"}],"replies":[{"embeddable":true,"href":"https:\/\/www.europesays.com\/ee\/wp-json\/wp\/v2\/comments?post=269465"}],"version-history":[{"count":0,"href":"https:\/\/www.europesays.com\/ee\/wp-json\/wp\/v2\/posts\/269465\/revisions"}],"wp:featuredmedia":[{"embeddable":true,"href":"https:\/\/www.europesays.com\/ee\/wp-json\/wp\/v2\/media\/269466"}],"wp:attachment":[{"href":"https:\/\/www.europesays.com\/ee\/wp-json\/wp\/v2\/media?parent=269465"}],"wp:term":[{"taxonomy":"category","embeddable":true,"href":"https:\/\/www.europesays.com\/ee\/wp-json\/wp\/v2\/categories?post=269465"},{"taxonomy":"post_tag","embeddable":true,"href":"https:\/\/www.europesays.com\/ee\/wp-json\/wp\/v2\/tags?post=269465"}],"curies":[{"name":"wp","href":"https:\/\/api.w.org\/{rel}","templated":true}]}}