{"id":269473,"date":"2026-09-05T22:11:14","date_gmt":"2026-09-05T22:11:14","guid":{"rendered":"https:\/\/www.europesays.com\/ee\/269473\/"},"modified":"2026-09-05T22:11:14","modified_gmt":"2026-09-05T22:11:14","slug":"video-%e2%9f%a9-vaprus-teenis-tahtsa-voiduga-abivajajatele-suure-summa-raha","status":"publish","type":"post","link":"https:\/\/www.europesays.com\/ee\/269473\/","title":{"rendered":"VIDEO \u27e9 Vaprus teenis t\u00e4htsa v\u00f5iduga abivajajatele suure summa raha"},"content":{"rendered":"<p>Seekord kogunes Rannastaadionile 26. vooru mat\u0161i l\u00e4hirivaali N\u00f5mme Unitedi vastu kaema lausa 701 pealtvaatajat, mis t\u00e4hendas kohe 3505eurost panust abivajajatele.<\/p>\n<p>Kuigi kaks satsi n\u00e4itasid avapoolajal tasav\u00e4gist, ent v\u00e4ravateta lahingut, kujunes viimaks r\u00f5\u00f5msaks l\u00f5ppskoorgi: 51. minutil saatis \u00e4\u00e4rekaitsja Kevin Aloe pika palli ette, mis j\u00f5udis viimaks karistusalas Tristan Pajoni, kes toimetas palli kaheksalt meetrilt k\u00fclmavereliselt v\u00f5rku.<\/p>\n<p>Selle tabamuse eest lisas peasponsor v\u00e4hiravifondile veel 100 eurot ja nii kerkis k\u00fcmne aastaga kogutud toetus \u00fcle 41 000 euro.<\/p>\n","protected":false},"excerpt":{"rendered":"Seekord kogunes Rannastaadionile 26. vooru mat\u0161i l\u00e4hirivaali N\u00f5mme Unitedi vastu kaema lausa 701 pealtvaatajat, mis t\u00e4hendas kohe 3505eurost&hellip;\n","protected":false},"author":2,"featured_media":269474,"comment_status":"","ping_status":"","sticky":false,"template":"","format":"standard","meta":{"footnotes":"","_share_on_mastodon":"0"},"categories":[5],"tags":[26,27,86476,37,33,104195,35,34,36,31,32,2640,21,2891,104197,5083,28,29,19,1813,1421,1621,25,69098,23,24,104196,22,20,12212,30],"class_list":["post-269473","post","type-post","status-publish","format-standard","has-post-thumbnail","category-uldised-uudised","tag-breaking-news","tag-breakingnews","tag-coolbet","tag-ee","tag-eesti","tag-eesti-jalgpalli-korgliiga","tag-eesti-keel","tag-estonia","tag-estonian","tag-featured-news","tag-featurednews","tag-harju-laagri","tag-headlines","tag-heategevus","tag-jalgpallimats","tag-kevin-aloe","tag-latest-news","tag-latestnews","tag-news","tag-nomme-united","tag-parnu","tag-parnu-vaprus","tag-populaarseimad-lood","tag-rannastaadion","tag-top-stories","tag-topstories","tag-tristan-pajon","tag-uldised-uudised","tag-uudised","tag-vahiravifond-kingitud-elu","tag-viimased-uudised"],"share_on_mastodon":{"url":"https:\/\/pubeurope.com\/@ee\/117220729475498654","error":""},"_links":{"self":[{"href":"https:\/\/www.europesays.com\/ee\/wp-json\/wp\/v2\/posts\/269473","targetHints":{"allow":["GET"]}}],"collection":[{"href":"https:\/\/www.europesays.com\/ee\/wp-json\/wp\/v2\/posts"}],"about":[{"href":"https:\/\/www.europesays.com\/ee\/wp-json\/wp\/v2\/types\/post"}],"author":[{"embeddable":true,"href":"https:\/\/www.europesays.com\/ee\/wp-json\/wp\/v2\/users\/2"}],"replies":[{"embeddable":true,"href":"https:\/\/www.europesays.com\/ee\/wp-json\/wp\/v2\/comments?post=269473"}],"version-history":[{"count":0,"href":"https:\/\/www.europesays.com\/ee\/wp-json\/wp\/v2\/posts\/269473\/revisions"}],"wp:featuredmedia":[{"embeddable":true,"href":"https:\/\/www.europesays.com\/ee\/wp-json\/wp\/v2\/media\/269474"}],"wp:attachment":[{"href":"https:\/\/www.europesays.com\/ee\/wp-json\/wp\/v2\/media?parent=269473"}],"wp:term":[{"taxonomy":"category","embeddable":true,"href":"https:\/\/www.europesays.com\/ee\/wp-json\/wp\/v2\/categories?post=269473"},{"taxonomy":"post_tag","embeddable":true,"href":"https:\/\/www.europesays.com\/ee\/wp-json\/wp\/v2\/tags?post=269473"}],"curies":[{"name":"wp","href":"https:\/\/api.w.org\/{rel}","templated":true}]}}