{"id":269479,"date":"2026-09-05T23:06:10","date_gmt":"2026-09-05T23:06:10","guid":{"rendered":"https:\/\/www.europesays.com\/ee\/269479\/"},"modified":"2026-09-05T23:06:10","modified_gmt":"2026-09-05T23:06:10","slug":"taispikkuses-vaata-uuesti-eesti-ukraina-vorkpallikoondiste-kohtumist-delfi-sport","status":"publish","type":"post","link":"https:\/\/www.europesays.com\/ee\/269479\/","title":{"rendered":"T\u00c4ISPIKKUSES | Vaata uuesti Eesti &#8211; Ukraina v\u00f5rkpallikoondiste kohtumist! &#8211; Delfi Sport"},"content":{"rendered":"<ol>\n<li><a href=\"https:\/\/news.google.com\/rss\/articles\/CBMiSkFVX3lxTE5LQmxhQVJXa1huZ1UtXzBId3dKTmJjZHdTM2NjZ1Z5ZlhkaEZCTk56NDQyWFlTNjh4d2ZNemRYT2ppWEQxbHIzc1h3?oc=5\" target=\"_blank\" rel=\"nofollow noopener\">T\u00c4ISPIKKUSES | Vaata uuesti Eesti &#8211; Ukraina v\u00f5rkpallikoondiste kohtumist!<\/a>&nbsp;&nbsp;Delfi Sport<\/li>\n<li><a href=\"https:\/\/news.google.com\/rss\/articles\/CBMi4gFBVV95cUxNcVlidUVPZmszM0lmb2pZU3dqVEpIUW9OdW4yLTNEWnhqYW05clNTR21jRUdieWNuY25lRHBnNHF3Q1U3LVlwdlZHWjRhRFJ2ZlNfZmJkdndRZ2kwY09vYXF2YTJabEJ4aE9idV90TkNsM0NNVmpncHJyTzBhTElybFNyTFM1ejIwd0EzelQyWHdKTmdvWTJPSVlOR1E0LTVMNnlvVGMtbWViV0laaHRWaUotQnNDVmVob25nR3N3a0dYNDk5bDhERjgzTTYzbW9TTDR2ZmJqZlI5TjBVTU5GMklR?oc=5\" target=\"_blank\" rel=\"nofollow noopener\">DELFI VIDEO | Maailma tippkoondise vastu s\u00e4ranud M\u00e4rt Tammearu: saime enne EM-i \u00fche p\u00e4ris \u00f5ige v\u00f5rkpallim\u00e4ngu<\/a>&nbsp;&nbsp;Delfi Sport<\/li>\n<li><a href=\"https:\/\/news.google.com\/rss\/articles\/CBMimAFBVV95cUxPNGxhZzFZeTF1V1pORHFCX2o0ZU92VmZESUNlTFN5LU5OSFBGLWlLQWo3VWNhLTVySG5wQ1BUdmJpaV9vZ3loRGtwaW9Ub3RldjhmNDB3Ny00ejlGWkZWYVVwV3E3QXpOVTVWREZROWYyNmNKeW5LUEpLZ2lGVEtCWm1aWWhRS1U1eEFVVXI4dDdxUl9xU0lhRg?oc=5\" target=\"_blank\" rel=\"nofollow noopener\">Eesti v\u00f5rkpallikoondis alistas viiegeimilise m\u00e4ngu j\u00e4rel L\u00e4ti<\/a>&nbsp;&nbsp;sport | ERR<\/li>\n<li><a href=\"https:\/\/news.google.com\/rss\/articles\/CBMihAJBVV95cUxOd0xIYng2Z2hYVzVZdHNEX2xJcG9DaUM2ZGFUdW1zenBITkFCbDQxUzRNczJRSUJlS09KWDQ1R01rUTRzem93cUpYVmNYWEF2WW9IMHgyZkh4ZXZieGlpVUFidjdEa0E5eHIxSUNLUFllelRGQlRyc3UxbEdiTWhVUEh2NlJzQTE2QzNtRFVvNGh3NjlXeTU3U2VjaHVLNGN4Mk9MdmJwNm1KYXlBM0VoV0hoV0hNdURWUlY0cUtYWC15QjZDdHhBaWdpZE9RaFJJeHhENUw1QUZ1MVFNejIzWXVqMFRhbS1LU0c4QUh1TGxhQU1SQXNqNG1aM25fZGJHY0dZcw?oc=5\" target=\"_blank\" rel=\"nofollow noopener\">GALERII | N\u00e4dal v\u00f5rkpalli EMini: Eesti v\u00f5itis teist p\u00e4eva j\u00e4rjest ja T\u00e4ht on (ilmselt) terve! Aga vastastreenerid muudkui valetavad Rikbergile<\/a>&nbsp;&nbsp;\u00d5htuleht<\/li>\n<li><a href=\"https:\/\/news.google.com\/rss\/articles\/CBMiugFBVV95cUxNQU9nc20xR0hYWHUtY01oS2NBb3Y3Si1UbjZuNlhOQ3hFVkVlTnRLU2dtNWhXTVdmRVRSOXZzWVZtU3R5M0VDSERkRFJFaWFzc1FYYVJ1NV81bWlKbVlmUzhpdFRNSkFHLU50SkFpdkw5dkNXS3ZaSGdKOEE4dWpKa1hpVGdLTl9QV2U2V0tRUGEzUGJnbHVqM3c1Smw2aTM1ckJhTGVKcXduWDc1VGVKWTM1anZMYjVRYlE?oc=5\" target=\"_blank\" rel=\"nofollow noopener\">OTSE DELFI TV-s | Eesti v\u00f5rkpallikoondis viigistas L\u00e4ti vastu seisu<\/a>&nbsp;&nbsp;Delfi Sport<\/li>\n<\/ol>\n","protected":false},"excerpt":{"rendered":"T\u00c4ISPIKKUSES | Vaata uuesti Eesti &#8211; Ukraina v\u00f5rkpallikoondiste kohtumist!&nbsp;&nbsp;Delfi Sport DELFI VIDEO | Maailma tippkoondise vastu s\u00e4ranud M\u00e4rt&hellip;\n","protected":false},"author":2,"featured_media":269480,"comment_status":"","ping_status":"","sticky":false,"template":"","format":"standard","meta":{"footnotes":"","_share_on_mastodon":"0"},"categories":[5],"tags":[26,27,37,33,35,5375,34,36,31,32,21,28,29,19,25,23,24,22,20,30,1442],"class_list":["post-269479","post","type-post","status-publish","format-standard","has-post-thumbnail","category-uldised-uudised","tag-breaking-news","tag-breakingnews","tag-ee","tag-eesti","tag-eesti-keel","tag-eesti-vorkpallikoondis","tag-estonia","tag-estonian","tag-featured-news","tag-featurednews","tag-headlines","tag-latest-news","tag-latestnews","tag-news","tag-populaarseimad-lood","tag-top-stories","tag-topstories","tag-uldised-uudised","tag-uudised","tag-viimased-uudised","tag-vorkpall"],"share_on_mastodon":{"url":"https:\/\/pubeurope.com\/@ee\/117220945625939468","error":""},"_links":{"self":[{"href":"https:\/\/www.europesays.com\/ee\/wp-json\/wp\/v2\/posts\/269479","targetHints":{"allow":["GET"]}}],"collection":[{"href":"https:\/\/www.europesays.com\/ee\/wp-json\/wp\/v2\/posts"}],"about":[{"href":"https:\/\/www.europesays.com\/ee\/wp-json\/wp\/v2\/types\/post"}],"author":[{"embeddable":true,"href":"https:\/\/www.europesays.com\/ee\/wp-json\/wp\/v2\/users\/2"}],"replies":[{"embeddable":true,"href":"https:\/\/www.europesays.com\/ee\/wp-json\/wp\/v2\/comments?post=269479"}],"version-history":[{"count":0,"href":"https:\/\/www.europesays.com\/ee\/wp-json\/wp\/v2\/posts\/269479\/revisions"}],"wp:featuredmedia":[{"embeddable":true,"href":"https:\/\/www.europesays.com\/ee\/wp-json\/wp\/v2\/media\/269480"}],"wp:attachment":[{"href":"https:\/\/www.europesays.com\/ee\/wp-json\/wp\/v2\/media?parent=269479"}],"wp:term":[{"taxonomy":"category","embeddable":true,"href":"https:\/\/www.europesays.com\/ee\/wp-json\/wp\/v2\/categories?post=269479"},{"taxonomy":"post_tag","embeddable":true,"href":"https:\/\/www.europesays.com\/ee\/wp-json\/wp\/v2\/tags?post=269479"}],"curies":[{"name":"wp","href":"https:\/\/api.w.org\/{rel}","templated":true}]}}