{"id":269503,"date":"2026-09-06T00:32:24","date_gmt":"2026-09-06T00:32:24","guid":{"rendered":"https:\/\/www.europesays.com\/ee\/269503\/"},"modified":"2026-09-06T00:32:24","modified_gmt":"2026-09-06T00:32:24","slug":"eesti-toob-tehisaru-tuleviku-arutelu-unicefi-taitevnoukogusse","status":"publish","type":"post","link":"https:\/\/www.europesays.com\/ee\/269503\/","title":{"rendered":"Eesti toob tehisaru tuleviku arutelu UNICEFi t\u00e4itevn\u00f5ukogusse"},"content":{"rendered":"<p>Sel n\u00e4dalal viibis v\u00e4lisministeeriumi v\u00e4lismajanduse ja arengukoost\u00f6\u00f6k\u00fcsimuste asekantsler Mariin Ratnik New Yorgis, kus toimus Eesti eestvedamisel \u00dcRO Lastefondi (UNICEF) t\u00e4itevn\u00f5ukogu erisessioon, teatab BNS.<\/p>\n<p>Arutelu keskmes oli tehisaru, digilahenduste ja tehnoloogia s\u00fcgavam l\u00f5imimine haridusvaldkonnaga. Eesti juhib 2026. aastal UNICEFi t\u00e4itevn\u00f5ukogu t\u00f6\u00f6d ning selle president on Eesti alaline esindaja \u00dcRO juures suursaadik Rein Tammsaar.<\/p>\n<p>Erisessioon toimus Eesti initsiatiivil ja tihedas koost\u00f6\u00f6s UNICEFiga Eesti eesistumise \u00fcks eesm\u00e4rk on tuua t\u00e4itevn\u00f5ukogu aruteludesse tulevikku kujundavad teemad, mis m\u00f5jutavad laste elu juba t\u00e4na. Tehisaru kiire areng ning selle m\u00f5ju \u00f5ppimisele ja \u00f5petamisele on \u00fcks keskseid k\u00fcsimusi.<\/p>\n<p>\u201cEesti kogemus n\u00e4itab, et digip\u00f6\u00f6re hariduses ei seisne eelk\u00f5ige seadmetes v\u00f5i tarkvaras, vaid inimestes, usalduses ja pikaajalistes valikutes,\u201d r\u00f5hutas suursaadik Tammsaar erisessiooni avak\u00f5nes.<\/p>\n<p>Tema s\u00f5nul tuleb investeerida \u00f5petajatesse, digi- ja tehisarup\u00e4devustesse, rajada vajalik taristu ning anda koolidele ruumi katsetada, \u00f5ppida ja arendada uusi lahendusi.<\/p>\n<p>Asekantsler Ratnik r\u00f5hutas, et Eesti edu digilahenduste integreerimisel igap\u00e4evaellu tugineb tugeval hariduss\u00fcsteemil, innovatsioonil ja valmisolekul teha julgeid poliitilisi valikuid.<\/p>\n<p>\u201cDigioskuste arendamine algab juba alghariduses. \u00d5petajatele pakutakse s\u00fcsteemset v\u00e4lja\u00f5pet ning uute digilahenduste, sealhulgas tehisaru, kasutuselev\u00f5tt koolides on tavap\u00e4rane,\u201d m\u00e4rkis Ratnik. \u201cJ\u00e4rjepidev areng on muutnud Eesti hariduss\u00fcsteemi \u00fcheks maailma tugevamaks.\u201d<\/p>\n<p>Ratnik lisas, et Eesti laiap\u00f5hjaline kogemus haridusvaldkonnas on kujundanud sellest \u00fche meie peamise arengukoost\u00f6\u00f6 suuna. \u201cKoost\u00f6\u00f6s kohalike riigiasutuste, haritlaste, vaba\u00fchenduste ja erasektori partneritega panustame tugevate, kaasavate ja modernsete koolis\u00fcsteemide \u00fclesehitamisse Ukrainas, Moldovas, Armeenias, Keenias ja Ugandas \u2013 algharidusest kuni kutse- ja k\u00f5rghariduseni.\u201d<\/p>\n<p>Eesti praktilist kogemust tehisaru integreerimises hariduss\u00fcsteemi tutvustas ka TI-H\u00fcppe Sihtasutuse tegevjuht Ivo Visak. Ta avas Eesti TI-h\u00fcppe esimesi \u00f5ppetunde ning k\u00e4sitles, kuidas tehisaru kasutamist hariduses kujundada nii, et see toetaks \u00f5petajat ja arendaks \u00f5pilaste m\u00f5tlemis- ja \u00f5ppimisoskusi. UNICEFil on oma \u00fcleilmse kohalolu ja lapse \u00f5iguste mandaadiga oluline roll tagamisel, et uuenduslikud lahendused j\u00f5uaksid ka v\u00e4iksema ressursiga riikidesse ning kriisi- ja humanitaarolukordades elavate lasteni.<\/p>\n<p>Erisessioon \u201cEdTech, Artificial Intelligence and the Learning Revolution: From Promise to Proof\u201d t\u00f5i kokku \u00dcRO liikmesriigid, hariduseksperdid, noored ja tehnoloogiasektori esindajad. Arutelu keskmes oli k\u00fcsimus, kuidas liikuda \u00fcksikutest katsetustest t\u00f5endusp\u00f5histe lahendusteni, mida saaks rakendada erineva v\u00f5imekuse ja vajadustega hariduss\u00fcsteemides.<\/p>\n<p>Sessioonil osalesid teiste seas UNICEFi tegevjuht Catherine Russell, UNICEFi \u00fcleilmse haridusvaldkonna direktor Pia Britto, Egiptuse haridusminister Mohamed Abdel Latif, Education Internationali peasekret\u00e4r David Edwards, Google\u2019i esindaja Christopher Turner ning noorte esindajad Abril Perazzini ja \u00a0Cevor Tikerpuu.<\/p>\n<p>Visiidi k\u00e4igus kohtus asekantsler Ratnik ka \u00dcRO Arenguprogrammi administraatori Alexander De Croo, \u00dcRO majandus- ja sotsiaalk\u00fcsimuste asepeasekret\u00e4ri Li Junhua, UNICEFi asejuhi Ted Chaibani ning \u00dcRO peasekret\u00e4ri eriesindaja Vanessa Frazieriga.<\/p>\n<p>Aruteludes k\u00e4sitleti kestliku arengu ja arengukoost\u00f6\u00f6 tulevikku, Ukraina \u00fclesehitamist, laste kaitset relvakonfliktides ning Eesti ja \u00dcRO koost\u00f6\u00f6d.<\/p>\n","protected":false},"excerpt":{"rendered":"Sel n\u00e4dalal viibis v\u00e4lisministeeriumi v\u00e4lismajanduse ja arengukoost\u00f6\u00f6k\u00fcsimuste asekantsler Mariin Ratnik New Yorgis, kus toimus Eesti eestvedamisel \u00dcRO Lastefondi&hellip;\n","protected":false},"author":2,"featured_media":269504,"comment_status":"","ping_status":"","sticky":false,"template":"","format":"standard","meta":{"footnotes":"","_share_on_mastodon":"0"},"categories":[80],"tags":[10671,26,27,104202,37,33,35,34,36,31,32,21,28,29,95,19,25,104203,23,24,22,41580,20,2486,30,92,93,94],"class_list":["post-269503","post","type-post","status-publish","format-standard","has-post-thumbnail","category-maailm","tag-asekantsler","tag-breaking-news","tag-breakingnews","tag-digioskus","tag-ee","tag-eesti","tag-eesti-keel","tag-estonia","tag-estonian","tag-featured-news","tag-featurednews","tag-headlines","tag-latest-news","tag-latestnews","tag-maailm","tag-news","tag-populaarseimad-lood","tag-ratnik","tag-top-stories","tag-topstories","tag-uldised-uudised","tag-unicef","tag-uudised","tag-valisministeerium","tag-viimased-uudised","tag-world","tag-world-news","tag-worldnews"],"share_on_mastodon":{"url":"https:\/\/pubeurope.com\/@ee\/117221284042247353","error":""},"_links":{"self":[{"href":"https:\/\/www.europesays.com\/ee\/wp-json\/wp\/v2\/posts\/269503","targetHints":{"allow":["GET"]}}],"collection":[{"href":"https:\/\/www.europesays.com\/ee\/wp-json\/wp\/v2\/posts"}],"about":[{"href":"https:\/\/www.europesays.com\/ee\/wp-json\/wp\/v2\/types\/post"}],"author":[{"embeddable":true,"href":"https:\/\/www.europesays.com\/ee\/wp-json\/wp\/v2\/users\/2"}],"replies":[{"embeddable":true,"href":"https:\/\/www.europesays.com\/ee\/wp-json\/wp\/v2\/comments?post=269503"}],"version-history":[{"count":0,"href":"https:\/\/www.europesays.com\/ee\/wp-json\/wp\/v2\/posts\/269503\/revisions"}],"wp:featuredmedia":[{"embeddable":true,"href":"https:\/\/www.europesays.com\/ee\/wp-json\/wp\/v2\/media\/269504"}],"wp:attachment":[{"href":"https:\/\/www.europesays.com\/ee\/wp-json\/wp\/v2\/media?parent=269503"}],"wp:term":[{"taxonomy":"category","embeddable":true,"href":"https:\/\/www.europesays.com\/ee\/wp-json\/wp\/v2\/categories?post=269503"},{"taxonomy":"post_tag","embeddable":true,"href":"https:\/\/www.europesays.com\/ee\/wp-json\/wp\/v2\/tags?post=269503"}],"curies":[{"name":"wp","href":"https:\/\/api.w.org\/{rel}","templated":true}]}}