{"id":269505,"date":"2026-09-06T00:43:31","date_gmt":"2026-09-06T00:43:31","guid":{"rendered":"https:\/\/www.europesays.com\/ee\/269505\/"},"modified":"2026-09-06T00:43:31","modified_gmt":"2026-09-06T00:43:31","slug":"viis-el-i-riiki-avavad-randekeskused-valjaspool-liitu-juba-jargmisel-aastal","status":"publish","type":"post","link":"https:\/\/www.europesays.com\/ee\/269505\/","title":{"rendered":"Viis EL-i riiki avavad r\u00e4ndekeskused v\u00e4ljaspool liitu juba j\u00e4rgmisel aastal"},"content":{"rendered":"<p>EL-i seadusandjad kiitsid juunis heaks meetme, mis lubab liikmesriikidel luua migrantide tagasisaatmiskeskusi liiduv\u00e4listesse riikidesse. Taani, Saksamaa, Austria, Holland ja Kreeka on alustanud l\u00e4bir\u00e4\u00e4kimisi Aafrika valitsustega.<\/p>\n<p>Hetkel pole veel teada, kellega viis Euroopa valitsust l\u00e4bir\u00e4\u00e4kimisi peavad, kuid k\u00f5ige t\u00f5en\u00e4olisemateks v\u00f5imalusteks peetakse Ugandat ja Rwandat. Eelduste kohaselt rahastavad Euroopa riigid keskusi ise ja v\u00f5ivad pakkuda partnerriikidele ka lisarahastust v\u00f5i muid stiimuleid.<\/p>\n<p>Nimetatud Euroopa riikide ministrid kohtusid reedel Kopenhaagenis. \u201eT\u00e4na astume koos oma Euroopa kolleegidega j\u00e4rgmise sammu, et l\u00e4hiaastatel v\u00f5imalikult kiiresti tagasisaatmiskeskused luua,\u201c \u00fctles Hollandi r\u00e4ndeminister Bart van den Brink.<\/p>\n<p>Valitsused eeldavad, et uus mudel toob kaasa ebaseaduslike sisenemiste m\u00e4rgatava v\u00e4henemise. \u201eMeie \u00fchine eesm\u00e4rk on suruda ebaseaduslik r\u00e4nne nulli poole,\u201c \u00fctles Austria siseminister Gerhard Karner.<\/p>\n<p>Taani immigratsiooniminister Morten B\u00f8dskov vihjas, et l\u00e4bir\u00e4\u00e4kimised on j\u00f5udnud otsustavasse faasi. Tema s\u00f5nul loodavad viis Euroopa riiki avada tagasisaatmiskeskused juba 2027. aastal. Sealjuures r\u00f5hutas ta, et tegu ei ole kinnipidamisasutustega, vaid migrantidele uusi v\u00f5imalusi pakkuvate rajatistega.<\/p>\n<p>Varjupaigataotlejate \u00f5iguste nimel v\u00f5itlevad r\u00fchmitused on Euroopa juunikuist otsust kritiseerinud, \u00f6eldes, et keskustes v\u00f5ib olla keeruline j\u00e4lgida ja tagada inim\u00f5iguste j\u00e4rgimist.<\/p>\n<p>Inim\u00f5igusr\u00fchmitus PICUM m\u00f5istis Kopenhaagenis toimunud kohtumise hukka. \u201eEL-i liidrid v\u00f5ivad nimetada neid keskusi innovatiivseks lahenduseks, kuid r\u00e4ndekontrolli edasisuunamine on vana taktika, mille eesm\u00e4rk on inimesed lihtsalt silmist \u00e4ra toimetada ja inim\u00f5iguste tagamise kohustustest k\u00f5rvale hiilida,\u201c \u00fctles \u00fchenduse juht Michele LeVoy.<\/p>\n<p>Kuidas see lugu Sind end tundma pani?Saada<a href=\"https:\/\/www.delfi.ee\/artikkel\/120608536\/viis-el-i-riiki-avavad-randekeskused-valjaspool-liitu-juba-jargmisel-aastal\/kommentaarid\" class=\"button button--primary button--size-auto article-body-bottom__comment article-body-bottom__comment--write\" style=\"\" rel=\"nofollow noopener\" target=\"_blank\">Kommenteeri<\/a><a href=\"https:\/\/www.delfi.ee\/artikkel\/120608536\/viis-el-i-riiki-avavad-randekeskused-valjaspool-liitu-juba-jargmisel-aastal\/kommentaarid\" class=\"button button--size-auto article-body-bottom__comment article-body-bottom__comment--read\" style=\"\" rel=\"nofollow noopener\" target=\"_blank\">Loe kommentaare (15)<\/a><\/p>\n","protected":false},"excerpt":{"rendered":"EL-i seadusandjad kiitsid juunis heaks meetme, mis lubab liikmesriikidel luua migrantide tagasisaatmiskeskusi liiduv\u00e4listesse riikidesse. Taani, Saksamaa, Austria, Holland&hellip;\n","protected":false},"author":2,"featured_media":269506,"comment_status":"","ping_status":"","sticky":false,"template":"","format":"standard","meta":{"footnotes":"","_share_on_mastodon":"0"},"categories":[80],"tags":[1391,26,27,37,33,35,34,36,590,31,32,21,1356,2350,28,29,95,19,25,30426,51,264,23,24,22,20,104204,30,92,93,94],"class_list":["post-269505","post","type-post","status-publish","format-standard","has-post-thumbnail","category-maailm","tag-austria","tag-breaking-news","tag-breakingnews","tag-ee","tag-eesti","tag-eesti-keel","tag-estonia","tag-estonian","tag-euroopa-liit","tag-featured-news","tag-featurednews","tag-headlines","tag-holland","tag-kreeka","tag-latest-news","tag-latestnews","tag-maailm","tag-news","tag-populaarseimad-lood","tag-randepoliitika","tag-saksamaa","tag-taani","tag-top-stories","tag-topstories","tag-uldised-uudised","tag-uudised","tag-varjupaigataotlejad","tag-viimased-uudised","tag-world","tag-world-news","tag-worldnews"],"share_on_mastodon":{"url":"https:\/\/pubeurope.com\/@ee\/117221327238421346","error":""},"_links":{"self":[{"href":"https:\/\/www.europesays.com\/ee\/wp-json\/wp\/v2\/posts\/269505","targetHints":{"allow":["GET"]}}],"collection":[{"href":"https:\/\/www.europesays.com\/ee\/wp-json\/wp\/v2\/posts"}],"about":[{"href":"https:\/\/www.europesays.com\/ee\/wp-json\/wp\/v2\/types\/post"}],"author":[{"embeddable":true,"href":"https:\/\/www.europesays.com\/ee\/wp-json\/wp\/v2\/users\/2"}],"replies":[{"embeddable":true,"href":"https:\/\/www.europesays.com\/ee\/wp-json\/wp\/v2\/comments?post=269505"}],"version-history":[{"count":0,"href":"https:\/\/www.europesays.com\/ee\/wp-json\/wp\/v2\/posts\/269505\/revisions"}],"wp:featuredmedia":[{"embeddable":true,"href":"https:\/\/www.europesays.com\/ee\/wp-json\/wp\/v2\/media\/269506"}],"wp:attachment":[{"href":"https:\/\/www.europesays.com\/ee\/wp-json\/wp\/v2\/media?parent=269505"}],"wp:term":[{"taxonomy":"category","embeddable":true,"href":"https:\/\/www.europesays.com\/ee\/wp-json\/wp\/v2\/categories?post=269505"},{"taxonomy":"post_tag","embeddable":true,"href":"https:\/\/www.europesays.com\/ee\/wp-json\/wp\/v2\/tags?post=269505"}],"curies":[{"name":"wp","href":"https:\/\/api.w.org\/{rel}","templated":true}]}}