{"id":269515,"date":"2026-09-06T02:56:11","date_gmt":"2026-09-06T02:56:11","guid":{"rendered":"https:\/\/www.europesays.com\/ee\/269515\/"},"modified":"2026-09-06T02:56:11","modified_gmt":"2026-09-06T02:56:11","slug":"fotod-donald-trumpi-poeg-maandus-tallinnas","status":"publish","type":"post","link":"https:\/\/www.europesays.com\/ee\/269515\/","title":{"rendered":"FOTOD | Donald Trumpi poeg maandus Tallinnas"},"content":{"rendered":"<p>Ameerika \u00dchendriikide \u00e4rimees saabus Eestisse lennuga, mis startis Mongooliast. Ta maandus varahommikul kella 5 paiku Tallinnas Katari eralennundusettev\u00f5tte Qatar Executive lennukiga. See ettev\u00f5te pakub erat\u0161arterlende ja eritellimusi. <\/p>\n<p>Delfi kirjutas reedel, et Donald Trump jr peaks n\u00e4dalavahetusel v\u00e4isama Eestit. Senini pole viisidi detailid ja kestus Delfile teada.<\/p>\n<p>Donald Trump Jr. on Ameerika \u00e4rimees ja poliitaktivist, kes s\u00fcndis 31. detsembril 1977 ja on Ameerika \u00dchendriikide presidendi vanim poeg. Tema ema on Ivana Trump, kes suri 2022. aastal.<\/p>\n<p>Donald Jr. juhib aktiivselt Trump Organizationi kinnisvaraportfelli, mis haldab USA presidendi varasid. Ta on kaasatud ettev\u00f5tte arendamise k\u00f5ikidesse aspektidesse, alates tehingute hindamisest, anal\u00fc\u00fcsist ja arenduseelsest planeerimisest kuni ehituse, br\u00e4ndingu, turunduse, m\u00fc\u00fcgi ja rentimiseni.<\/p>\n<p>Kuidas see lugu Sind end tundma pani?Saada<a href=\"https:\/\/www.delfi.ee\/artikkel\/120608630\/fotod-donald-trumpi-poeg-maandus-tallinnas\/kommentaarid\" class=\"button button--primary button--size-auto article-body-bottom__comment article-body-bottom__comment--write\" style=\"\" rel=\"nofollow noopener\" target=\"_blank\">Kommenteeri<\/a><a href=\"https:\/\/www.delfi.ee\/artikkel\/120608630\/fotod-donald-trumpi-poeg-maandus-tallinnas\/kommentaarid\" class=\"button button--size-auto article-body-bottom__comment article-body-bottom__comment--read\" style=\"\" rel=\"nofollow noopener\" target=\"_blank\">Loe kommentaare (14)<\/a><\/p>\n","protected":false},"excerpt":{"rendered":"Ameerika \u00dchendriikide \u00e4rimees saabus Eestisse lennuga, mis startis Mongooliast. Ta maandus varahommikul kella 5 paiku Tallinnas Katari eralennundusettev\u00f5tte&hellip;\n","protected":false},"author":2,"featured_media":269516,"comment_status":"","ping_status":"","sticky":false,"template":"","format":"standard","meta":{"footnotes":"","_share_on_mastodon":"0"},"categories":[12],"tags":[687,679,667,26,27,673,688,663,662,37,33,35,684,683,692,34,36,31,32,208,148,21,206,668,669,381,686,677,694,691,339,680,28,29,671,672,377,690,144,678,665,19,693,676,666,25,322,664,150,695,685,159,394,682,674,675,23,24,689,222,22,20,670,681,149,30],"class_list":["post-269515","post","type-post","status-publish","format-standard","has-post-thumbnail","category-eesti","tag-ajaviide","tag-autoleht","tag-blog","tag-breaking-news","tag-breakingnews","tag-cv","tag-date","tag-defli","tag-delfi","tag-ee","tag-eesti","tag-eesti-keel","tag-ekaart","tag-email","tag-erootika","tag-estonia","tag-estonian","tag-featured-news","tag-featurednews","tag-film","tag-foto","tag-headlines","tag-horoskoop","tag-ilm","tag-ilmaennustus","tag-internet","tag-kaart","tag-kava","tag-kindlustus","tag-kinnisvara","tag-kuulutused","tag-lasteleht","tag-latest-news","tag-latestnews","tag-loto","tag-majandus","tag-mangud","tag-mobiil","tag-muusika","tag-naisteleht","tag-naljad","tag-news","tag-otsing","tag-pank","tag-pilt","tag-populaarseimad-lood","tag-raadio","tag-reklaam","tag-seks","tag-sms","tag-solo","tag-sport","tag-tarkvara","tag-tasuta","tag-too","tag-toopakkumised","tag-top-stories","tag-topstories","tag-tutvus","tag-tv","tag-uldised-uudised","tag-uudised","tag-valimised","tag-valuuta","tag-video","tag-viimased-uudised"],"share_on_mastodon":{"url":"","error":"Validation failed: Text character limit of 500 exceeded"},"_links":{"self":[{"href":"https:\/\/www.europesays.com\/ee\/wp-json\/wp\/v2\/posts\/269515","targetHints":{"allow":["GET"]}}],"collection":[{"href":"https:\/\/www.europesays.com\/ee\/wp-json\/wp\/v2\/posts"}],"about":[{"href":"https:\/\/www.europesays.com\/ee\/wp-json\/wp\/v2\/types\/post"}],"author":[{"embeddable":true,"href":"https:\/\/www.europesays.com\/ee\/wp-json\/wp\/v2\/users\/2"}],"replies":[{"embeddable":true,"href":"https:\/\/www.europesays.com\/ee\/wp-json\/wp\/v2\/comments?post=269515"}],"version-history":[{"count":0,"href":"https:\/\/www.europesays.com\/ee\/wp-json\/wp\/v2\/posts\/269515\/revisions"}],"wp:featuredmedia":[{"embeddable":true,"href":"https:\/\/www.europesays.com\/ee\/wp-json\/wp\/v2\/media\/269516"}],"wp:attachment":[{"href":"https:\/\/www.europesays.com\/ee\/wp-json\/wp\/v2\/media?parent=269515"}],"wp:term":[{"taxonomy":"category","embeddable":true,"href":"https:\/\/www.europesays.com\/ee\/wp-json\/wp\/v2\/categories?post=269515"},{"taxonomy":"post_tag","embeddable":true,"href":"https:\/\/www.europesays.com\/ee\/wp-json\/wp\/v2\/tags?post=269515"}],"curies":[{"name":"wp","href":"https:\/\/api.w.org\/{rel}","templated":true}]}}