{"id":269519,"date":"2026-09-06T03:25:11","date_gmt":"2026-09-06T03:25:11","guid":{"rendered":"https:\/\/www.europesays.com\/ee\/269519\/"},"modified":"2026-09-06T03:25:11","modified_gmt":"2026-09-06T03:25:11","slug":"fotod-i-filmimuuseumis-avati-uus-laste-ja-noorte-animafestival-animinimist","status":"publish","type":"post","link":"https:\/\/www.europesays.com\/ee\/269519\/","title":{"rendered":"FOTOD I Filmimuuseumis avati uus laste ja noorte animafestival ANIMINIMIST"},"content":{"rendered":"<p>3. septembril avati Tallinnas Filmimuuseumis rahvusvaheline laste ja noorte animafestival ANIMINIMIST, mis kestab 10. septembrini ning toob noore publikuni viimase viie aasta animafilme Eestist ja mujalt maailmast. Festival toimub mitmes asukohas, sealhulgas kinodes Artis ja S\u00f5prus, Kose Kultuurikeskuses ning T\u00f5rva kinos Koit, pakkudes v\u00f5istlusprogramme, noorte autorite filme, t\u00f6\u00f6toad ja kohtumisi filmitegijatega. Festivalil osalevad laste\u017e\u00fcriid ning publik saab valida oma lemmikfilmi h\u00e4\u00e4letusel. Lisaks on v\u00f5imalik tutvuda Eesti animatsioonistuudiote n\u00e4itusega ja k\u00fclastada animatsioonistuudioid. ANIMINIMIST on Animist Tallinna s\u00f5sarfestival ning seda toetavad mitmed kultuuri- ja haridusasutused.<\/p>\n<p class=\"gn-ai-note\">\n\t\t\t\t\t\t\t\t\t\t\tSee kokkuv\u00f5te on loodud tehisaru abil. Tulemuses v\u00f5ib esineda ebat\u00e4psusi,<br \/>\n\t\t\t\t\t\t\t\t\t\t\tseet\u00f5ttu soovitame lugeda ka t\u00e4ismahus artiklit.<br \/>\n\t\t\t\t\t\t\t\t\t\t\tTagasiside: <a href=\"https:\/\/goodnews.ee\/fotod-i-filmimuuseumis-avati-uus-laste-ja-noorte-animafestival-animinimist\/mailto:info@goodnews.ee\" rel=\"nofollow noopener\" target=\"_blank\">info@goodnews.ee<\/a>.\n\t\t\t\t\t\t\t\t\t\t<\/p>\n<p class=\"wp-block-paragraph\">3. septembril avati Filmimuuseumis esmakordselt toimuv rahvusvaheline laste ja noorte animafestival ANIMINIMIST, mis kestab 10. septembrini. Festivali jooksul j\u00f5uab noore publikuni p\u00f5nev valik viimase viie aasta jooksul valminud animafilme Eestist ja mujalt maailmast.<\/p>\n<p class=\"wp-block-paragraph\">ANIMINIMISTi programm toimub Tallinnas Filmimuuseumis ning kinodes Artis ja S\u00f5prus, samuti Kose Kultuurikeskuses ja T\u00f5rva kinos Koit.<\/p>\n<p class=\"wp-block-paragraph\">Ees ootavad rahvusvahelised v\u00f5istlusprogrammid, noorte autorite filmid, kogupereprogrammid, animatsioonit\u00f6\u00f6toad, kohtumised filmitegijatega ja animatsioonistuudiote k\u00fclastused. Filmimuuseumis saab tutvuda ka Eesti animatsioonistuudioid tutvustava n\u00e4itusega. Festivalil on oluline roll noortel endil: rahvusvahelisi v\u00f5istlusprogramme hindavad nelja vanuser\u00fchma laste\u017e\u00fcriid. Oma lemmiku saavad valida ka k\u00f5ik festivalik\u00fclastajad publikuh\u00e4\u00e4letustel. Noorte enda looming j\u00f5uab ekraanile noorte autorite v\u00f5istlusprogrammis, kus n\u00e4idatakse koost\u00f6\u00f6s Animakooliga toimunud animatsiooniv\u00f5istluse \u201eLooduse salakeel\u201c publiku lemmikuid.<\/p>\n<ul class=\"wp-block-list\">\n<li>ANIMINIMIST kestab 10. septembrini.ANIMINIMIST on rahvusvahelise animatsioonifestivali Animist Tallinn s\u00f5sarfestival.<\/li>\n<\/ul>\n<blockquote class=\"wp-block-quote blockquote-style-softbox-body-topline is-layout-flow wp-block-quote-is-layout-flow\">\n<p class=\"wp-block-paragraph\">Festivali toetajad ja partnerid on Eesti Kultuurkapital, Eesti Filmi Instituut, Tallinna linn, Animist Tallinn, Animakool, Filem\u2019On, Animailm, Eesti Animatsiooni Liit, Nukufilm, Eesti Filmimuuseum, Kino Artis, Eesti Kunstiakadeemia animatsiooniosakond, T\u00f5rva kino Koit, Kose Kultuurikeskus, Tallinna Tondi Kool, O!PLA ja Eesti Saatkond Br\u00fcsselis.<\/p>\n<\/blockquote>\n","protected":false},"excerpt":{"rendered":"3. septembril avati Tallinnas Filmimuuseumis rahvusvaheline laste ja noorte animafestival ANIMINIMIST, mis kestab 10. septembrini ning toob noore&hellip;\n","protected":false},"author":2,"featured_media":269520,"comment_status":"","ping_status":"","sticky":false,"template":"","format":"standard","meta":{"footnotes":"","_share_on_mastodon":"0"},"categories":[16],"tags":[37,33,35,173,34,36,140],"class_list":["post-269519","post","type-post","status-publish","format-standard","has-post-thumbnail","category-meelelahutus","tag-ee","tag-eesti","tag-eesti-keel","tag-entertainment","tag-estonia","tag-estonian","tag-meelelahutus"],"share_on_mastodon":{"url":"https:\/\/pubeurope.com\/@ee\/117221964202453072","error":""},"_links":{"self":[{"href":"https:\/\/www.europesays.com\/ee\/wp-json\/wp\/v2\/posts\/269519","targetHints":{"allow":["GET"]}}],"collection":[{"href":"https:\/\/www.europesays.com\/ee\/wp-json\/wp\/v2\/posts"}],"about":[{"href":"https:\/\/www.europesays.com\/ee\/wp-json\/wp\/v2\/types\/post"}],"author":[{"embeddable":true,"href":"https:\/\/www.europesays.com\/ee\/wp-json\/wp\/v2\/users\/2"}],"replies":[{"embeddable":true,"href":"https:\/\/www.europesays.com\/ee\/wp-json\/wp\/v2\/comments?post=269519"}],"version-history":[{"count":0,"href":"https:\/\/www.europesays.com\/ee\/wp-json\/wp\/v2\/posts\/269519\/revisions"}],"wp:featuredmedia":[{"embeddable":true,"href":"https:\/\/www.europesays.com\/ee\/wp-json\/wp\/v2\/media\/269520"}],"wp:attachment":[{"href":"https:\/\/www.europesays.com\/ee\/wp-json\/wp\/v2\/media?parent=269519"}],"wp:term":[{"taxonomy":"category","embeddable":true,"href":"https:\/\/www.europesays.com\/ee\/wp-json\/wp\/v2\/categories?post=269519"},{"taxonomy":"post_tag","embeddable":true,"href":"https:\/\/www.europesays.com\/ee\/wp-json\/wp\/v2\/tags?post=269519"}],"curies":[{"name":"wp","href":"https:\/\/api.w.org\/{rel}","templated":true}]}}