{"id":269553,"date":"2026-09-06T06:10:23","date_gmt":"2026-09-06T06:10:23","guid":{"rendered":"https:\/\/www.europesays.com\/ee\/269553\/"},"modified":"2026-09-06T06:10:23","modified_gmt":"2026-09-06T06:10:23","slug":"paaru-oja-astub-uude-rolli-olen-teiste-naitlejate-reisisaateid-alati-kadedusega-vaadanud","status":"publish","type":"post","link":"https:\/\/www.europesays.com\/ee\/269553\/","title":{"rendered":"P\u00e4\u00e4ru Oja astub uude rolli: olen teiste n\u00e4itlejate reisisaateid alati kadedusega vaadanud"},"content":{"rendered":"<p>Sel p\u00fchap\u00e4eval alustab ETV-s uus reisisaade \u201eSaba ja sarvedega Laos\u201c, mille \u00fcheks saatejuhiks on n\u00e4itleja P\u00e4\u00e4ru Oja. Koos temaga seikleb ka reisikirjanik Rene Satsi, kellega Oja kohtus aastaid tagasi Iirimaal t\u00f6\u00f6tades.<\/p>\n<p>\u201eOli koroonaaeg ja ma kirjutasin sealsesse eestlaste gruppi, kas keegi tahab jalutama ja juttu r\u00e4\u00e4kima minna. Paar inimest vastasid ja Rene oli ka \u00fcks neist. Siis me jalutasime Dublini peal ja sellel jalutusel said meist s\u00f5brad,\u201c meenutas Oja.<\/p>\n<p>Juba siis r\u00e4\u00e4kis Satsi palju riigist nimega Laos. \u201eMulle tundus t\u00fc\u00fctu,\u201c naeris Oja. \u201eAga siis \u00fchel hetkel ta helistas, et kuule, n\u00fc\u00fcd on niimoodi, et tuleb minna ETV-ga Laosesse. Siis olime korraga lennuki peal.\u201c<\/p>\n<p>Laos asub Vietnami, Kambod\u017ea ja Tai vahel. Oja tutvustas, et tegemist on v\u00e4ga vaese demokraatliku vabariigiga. \u201eMa hakkasin reisil m\u00f5tlema, et kui riigi nimes on demokraatlik vabariik, siis see seda ilmselgelt ei ole,\u201c t\u00e4psustas ta.<\/p>\n<p><a href=\"https:\/\/eeter.err.ee\/1610129461\/paaru-oja-olen-teiste-naitlejate-reisisaateid-alati-kadedusega-vaadanud\" title=\"\" target=\"_blank\" rel=\"noopener nofollow\">Refereeritud artikli t\u00e4istekst portaalis Eeter.<\/a><\/p>\n","protected":false},"excerpt":{"rendered":"Sel p\u00fchap\u00e4eval alustab ETV-s uus reisisaade \u201eSaba ja sarvedega Laos\u201c, mille \u00fcheks saatejuhiks on n\u00e4itleja P\u00e4\u00e4ru Oja. Koos&hellip;\n","protected":false},"author":2,"featured_media":269554,"comment_status":"","ping_status":"","sticky":false,"template":"","format":"standard","meta":{"footnotes":"","_share_on_mastodon":"0"},"categories":[16],"tags":[37,33,35,173,34,36,140],"class_list":["post-269553","post","type-post","status-publish","format-standard","has-post-thumbnail","category-meelelahutus","tag-ee","tag-eesti","tag-eesti-keel","tag-entertainment","tag-estonia","tag-estonian","tag-meelelahutus"],"share_on_mastodon":{"url":"https:\/\/pubeurope.com\/@ee\/117222613068162001","error":""},"_links":{"self":[{"href":"https:\/\/www.europesays.com\/ee\/wp-json\/wp\/v2\/posts\/269553","targetHints":{"allow":["GET"]}}],"collection":[{"href":"https:\/\/www.europesays.com\/ee\/wp-json\/wp\/v2\/posts"}],"about":[{"href":"https:\/\/www.europesays.com\/ee\/wp-json\/wp\/v2\/types\/post"}],"author":[{"embeddable":true,"href":"https:\/\/www.europesays.com\/ee\/wp-json\/wp\/v2\/users\/2"}],"replies":[{"embeddable":true,"href":"https:\/\/www.europesays.com\/ee\/wp-json\/wp\/v2\/comments?post=269553"}],"version-history":[{"count":0,"href":"https:\/\/www.europesays.com\/ee\/wp-json\/wp\/v2\/posts\/269553\/revisions"}],"wp:featuredmedia":[{"embeddable":true,"href":"https:\/\/www.europesays.com\/ee\/wp-json\/wp\/v2\/media\/269554"}],"wp:attachment":[{"href":"https:\/\/www.europesays.com\/ee\/wp-json\/wp\/v2\/media?parent=269553"}],"wp:term":[{"taxonomy":"category","embeddable":true,"href":"https:\/\/www.europesays.com\/ee\/wp-json\/wp\/v2\/categories?post=269553"},{"taxonomy":"post_tag","embeddable":true,"href":"https:\/\/www.europesays.com\/ee\/wp-json\/wp\/v2\/tags?post=269553"}],"curies":[{"name":"wp","href":"https:\/\/api.w.org\/{rel}","templated":true}]}}