{"id":269571,"date":"2026-09-06T06:37:10","date_gmt":"2026-09-06T06:37:10","guid":{"rendered":"https:\/\/www.europesays.com\/ee\/269571\/"},"modified":"2026-09-06T06:37:10","modified_gmt":"2026-09-06T06:37:10","slug":"saksa-liidumaa-valimistel-oodatakse-afd-suurt-voitu","status":"publish","type":"post","link":"https:\/\/www.europesays.com\/ee\/269571\/","title":{"rendered":"Saksa liidumaa valimistel oodatakse AfD suurt v\u00f5itu"},"content":{"rendered":"<p>Parempoolne ja sisser\u00e4ndevastane erakond Alternatiiv Saksamaale (AfD) saavutab prognooside kohaselt p\u00fchap\u00e4evastel Saksi-Anhalti liidumaa valimistel \u00fclekaaluka v\u00f5idu.<\/p>\n<p>Valimistulemus m\u00f5jutab kogu Saksamaad ning suurendab see survet liidukantsler Friedrich Merzile.<\/p>\n<p>Arvamusk\u00fcsitluste kohaselt on AfD-le oodata isegi \u00fcle 40 protsendi h\u00e4\u00e4ltest. Erakond v\u00f5ib seega saada v\u00f5imaluse moodustada liidumaa valitsuse \u00fcksi. See s\u00f5ltub sellest, kui paljud v\u00e4iksematest erakondadest viieprotsendilise valimisk\u00fcnnise \u00fcletavad.<\/p>\n<p>Saksamaa sisejulgeolekuteenistus on klassifitseerinud AfD Saksi-Anhaltis parem\u00e4\u00e4rmuslikuks liikumiseks.<\/p>\n<p>Erakond on oma valimiskampaanias lubanud muu hulgas alustada ebaseaduslikult riiki sisenenute massilist v\u00e4ljasaatmist, keelata koolides seksuaal- ja soov\u00e4hemuste vikerkaarelipud ning asendada need Saksamaa lipu heiskamise ja riigih\u00fcmni laulmisega.<\/p>\n<p>Saksamaa teised suured erakonnad on seni keeldunud koost\u00f6\u00f6st AfD-ga nii f\u00f6deraal- kui ka liidumaa tasandi poliitikas. Sellegipoolest ei ole AfD t\u00f5usu suudetud t\u00f5kestada ning \u00fcha ebakindlamaks muutub, kas niinimetatud \u201ctulem\u00fc\u00fcr\u201d erakonna \u00fcmber vastu peab.<\/p>\n<p>AfD on praegu \u00fcleriigiliselt k\u00f5ige populaarsem erakond umbes 28-protsendise toetusega. Edu Merzi kristlike demokraatide ees on ligikaudu seitse protsendipunkti.<\/p>\n<p>Kahe n\u00e4dala p\u00e4rast toimuvad Saksamaal j\u00e4rgmised liidumaa valimised Mecklenburg-Vorpommernis. Ka seal on AfD k\u00f5ige populaarsem erakond, ehkki mitte nii selge \u00fclekaaluga kui Saksi-Anhaltis. (STT-BNS)<\/p>\n","protected":false},"excerpt":{"rendered":"Parempoolne ja sisser\u00e4ndevastane erakond Alternatiiv Saksamaale (AfD) saavutab prognooside kohaselt p\u00fchap\u00e4evastel Saksi-Anhalti liidumaa valimistel \u00fclekaaluka v\u00f5idu. Valimistulemus m\u00f5jutab&hellip;\n","protected":false},"author":2,"featured_media":269572,"comment_status":"","ping_status":"","sticky":false,"template":"","format":"standard","meta":{"footnotes":"","_share_on_mastodon":"0"},"categories":[5],"tags":[26,27,37,33,35,34,36,31,32,21,28,29,19,25,23,24,22,20,30],"class_list":["post-269571","post","type-post","status-publish","format-standard","has-post-thumbnail","category-uldised-uudised","tag-breaking-news","tag-breakingnews","tag-ee","tag-eesti","tag-eesti-keel","tag-estonia","tag-estonian","tag-featured-news","tag-featurednews","tag-headlines","tag-latest-news","tag-latestnews","tag-news","tag-populaarseimad-lood","tag-top-stories","tag-topstories","tag-uldised-uudised","tag-uudised","tag-viimased-uudised"],"share_on_mastodon":{"url":"https:\/\/pubeurope.com\/@ee\/117222719229142227","error":""},"_links":{"self":[{"href":"https:\/\/www.europesays.com\/ee\/wp-json\/wp\/v2\/posts\/269571","targetHints":{"allow":["GET"]}}],"collection":[{"href":"https:\/\/www.europesays.com\/ee\/wp-json\/wp\/v2\/posts"}],"about":[{"href":"https:\/\/www.europesays.com\/ee\/wp-json\/wp\/v2\/types\/post"}],"author":[{"embeddable":true,"href":"https:\/\/www.europesays.com\/ee\/wp-json\/wp\/v2\/users\/2"}],"replies":[{"embeddable":true,"href":"https:\/\/www.europesays.com\/ee\/wp-json\/wp\/v2\/comments?post=269571"}],"version-history":[{"count":0,"href":"https:\/\/www.europesays.com\/ee\/wp-json\/wp\/v2\/posts\/269571\/revisions"}],"wp:featuredmedia":[{"embeddable":true,"href":"https:\/\/www.europesays.com\/ee\/wp-json\/wp\/v2\/media\/269572"}],"wp:attachment":[{"href":"https:\/\/www.europesays.com\/ee\/wp-json\/wp\/v2\/media?parent=269571"}],"wp:term":[{"taxonomy":"category","embeddable":true,"href":"https:\/\/www.europesays.com\/ee\/wp-json\/wp\/v2\/categories?post=269571"},{"taxonomy":"post_tag","embeddable":true,"href":"https:\/\/www.europesays.com\/ee\/wp-json\/wp\/v2\/tags?post=269571"}],"curies":[{"name":"wp","href":"https:\/\/api.w.org\/{rel}","templated":true}]}}