{"id":269573,"date":"2026-09-06T06:58:33","date_gmt":"2026-09-06T06:58:33","guid":{"rendered":"https:\/\/www.europesays.com\/ee\/269573\/"},"modified":"2026-09-06T06:58:33","modified_gmt":"2026-09-06T06:58:33","slug":"suda-on-mures-malluka-porsas-sattus-terviseprobleemidega-ravile-ma-ei-saa-aru-mitu-korda-pean-mone-looma-parast-nutma","status":"publish","type":"post","link":"https:\/\/www.europesays.com\/ee\/269573\/","title":{"rendered":"S\u00dcDA ON MURES! Malluka p\u00f5rsas sattus terviseprobleemidega ravile: ma ei saa aru, mitu korda pean m\u00f5ne looma p\u00e4rast nutma"},"content":{"rendered":"<p>Mallu m\u00e4rkas, et tavaliselt aktiivne loom oli muutunud loiuks ega tundnud enam huvi isegi oma lemmiktoitude vastu. \u201eTa vedeles p\u00e4ev l\u00e4bi. \u00d5htul tuli l\u00e4bi h\u00e4da tuppa ja l\u00e4ks otse oma voodisse. Isegi oma lemmiktoidust, mida muidu v\u00e4ga tahab, v\u00f5ttis ainult ampsu\u201c kirjeldas Mallu.<\/p>\n<p>Pikalt Mallu ootama ei j\u00e4\u00e4nud ning viis Peppa loomade kiirabisse. Seal selgus, et Peppal on v\u00e4ike palavik ning tema gl\u00fckoositase oli madal. Notsule anti jahe matt, mille peal olla. Lisaks tehti r\u00f6ntgen ja v\u00f5eti vereproov.<\/p>\n<p>Hiljem, kodus olles, helistas Mallu haiglasse, et uurida, kuidas Peppal l\u00e4heb. Arstide s\u00f5nul oli looma gl\u00fckoositase endiselt v\u00e4ga madal ning isegi tilgutite all doosi suurendamine ei hoidnud seda piisavalt k\u00f5rgena. \u201eTema kehas on mingi p\u00f5letik. Praegu magab, on tilgutite all ja saab antibiootikume. Ei ole rohkem midagi teha, kui oodata,\u201c r\u00e4\u00e4kis blogija.<\/p>\n<p>Arstid kaalusid mitut v\u00f5imalikku p\u00f5hjust. \u00dche variandina mainiti seagripi tunnuseid. \u201eSee on absurd, sest siis ta pidi meile sellega tulema. Ma ei kujuta ette, kus ta saaks sellise asjaga meie hoovis kokku puutuda,\u201c \u00fctles Mallu. Teise v\u00f5imalusena aga kanatoodetega seotud toksikoosi. Seda v\u00f5ib p\u00f5hjustada riknenud toit v\u00f5i selles leiduvad bakterite toodetud m\u00fcrgid ehk toksiinid.<\/p>\n<p>Olukord tegi Mallu muidugi emotsionaalseks. \u201eMa ei saa aru, mitu korda pean siin videos mingi looma p\u00e4rast nutma. Ma ei taha kodus olla, tahaks arsti juurde minna ja olla koos Peppaga. Mul on nii vastik tunne sees,\u201c r\u00e4\u00e4kis Mallu.<\/p>\n<p>Ta tunnistas videos, et tunneb end s\u00fc\u00fcdi, kuna ei viinud Peppat kohe arsti juurde. \u201eN\u00e4gin juba eile, et ta on loid. Uurisin internetist, et mida teha. Soovitus oli k\u00f5htu katsuda, et kas see on k\u00f5va v\u00f5i pehme, kas ta vett v\u00f5tab ja k\u00f5nnib. Oli pehme. Ta v\u00f5ttis vett, tuli pesast v\u00e4lja. Ta oli \u00f6\u00f6sel isegi pissil k\u00e4inud. Pakkusin talle juustu, v\u00f5ttis \u00fche t\u00fcki, aga rohkem ei tahtnud,\u201c kirjeldas Mallu.<\/p>\n<p>Mallu m\u00f5tles, et \u00e4kki ahmis p\u00f5rsas \u00f5ues kana- v\u00f5i kassitoitu sisse. \u201eSoovitus oligi, kui muutusi pole, hommikul arsti poole p\u00f6\u00f6rduda. Seda loomulikult tegime. N\u00fc\u00fcd on mul s\u00fc\u00fctunne, et ma oleks v\u00f5inud kohe arsti juurde minna. Igatahes, loodame parimat.\u201c<\/p>\n<p>Hiljem jagas Mallu, et arstid ei pea t\u00f5en\u00e4oliseks, et tegemist v\u00f5iks olla seakatkuga, kuid selle v\u00e4listamiseks tuleb vereproov siiski laborisse saata. \u201eK\u00f5ik teised sead seal, kust Peppa tuli, peaksid ka haiged olema, aga nad ei ole. Tal on mingisugune viirus v\u00f5i bakter. Peppale anti antibiootikume,\u201c r\u00e4\u00e4kis Mallu.<\/p>\n","protected":false},"excerpt":{"rendered":"Mallu m\u00e4rkas, et tavaliselt aktiivne loom oli muutunud loiuks ega tundnud enam huvi isegi oma lemmiktoitude vastu. \u201eTa&hellip;\n","protected":false},"author":2,"featured_media":269574,"comment_status":"","ping_status":"","sticky":false,"template":"","format":"standard","meta":{"footnotes":"","_share_on_mastodon":"0"},"categories":[12],"tags":[26,27,37,33,35,34,36,31,32,21,28,29,19,25,23,24,22,20,30],"class_list":["post-269573","post","type-post","status-publish","format-standard","has-post-thumbnail","category-eesti","tag-breaking-news","tag-breakingnews","tag-ee","tag-eesti","tag-eesti-keel","tag-estonia","tag-estonian","tag-featured-news","tag-featurednews","tag-headlines","tag-latest-news","tag-latestnews","tag-news","tag-populaarseimad-lood","tag-top-stories","tag-topstories","tag-uldised-uudised","tag-uudised","tag-viimased-uudised"],"share_on_mastodon":{"url":"https:\/\/pubeurope.com\/@ee\/117222801902142531","error":""},"_links":{"self":[{"href":"https:\/\/www.europesays.com\/ee\/wp-json\/wp\/v2\/posts\/269573","targetHints":{"allow":["GET"]}}],"collection":[{"href":"https:\/\/www.europesays.com\/ee\/wp-json\/wp\/v2\/posts"}],"about":[{"href":"https:\/\/www.europesays.com\/ee\/wp-json\/wp\/v2\/types\/post"}],"author":[{"embeddable":true,"href":"https:\/\/www.europesays.com\/ee\/wp-json\/wp\/v2\/users\/2"}],"replies":[{"embeddable":true,"href":"https:\/\/www.europesays.com\/ee\/wp-json\/wp\/v2\/comments?post=269573"}],"version-history":[{"count":0,"href":"https:\/\/www.europesays.com\/ee\/wp-json\/wp\/v2\/posts\/269573\/revisions"}],"wp:featuredmedia":[{"embeddable":true,"href":"https:\/\/www.europesays.com\/ee\/wp-json\/wp\/v2\/media\/269574"}],"wp:attachment":[{"href":"https:\/\/www.europesays.com\/ee\/wp-json\/wp\/v2\/media?parent=269573"}],"wp:term":[{"taxonomy":"category","embeddable":true,"href":"https:\/\/www.europesays.com\/ee\/wp-json\/wp\/v2\/categories?post=269573"},{"taxonomy":"post_tag","embeddable":true,"href":"https:\/\/www.europesays.com\/ee\/wp-json\/wp\/v2\/tags?post=269573"}],"curies":[{"name":"wp","href":"https:\/\/api.w.org\/{rel}","templated":true}]}}