{"id":269575,"date":"2026-09-06T06:59:08","date_gmt":"2026-09-06T06:59:08","guid":{"rendered":"https:\/\/www.europesays.com\/ee\/269575\/"},"modified":"2026-09-06T06:59:08","modified_gmt":"2026-09-06T06:59:08","slug":"oktoobris-voib-selguda-mis-saab-toila-kooli-gumnaasiumiosast-eesti","status":"publish","type":"post","link":"https:\/\/www.europesays.com\/ee\/269575\/","title":{"rendered":"Oktoobris v\u00f5ib selguda, mis saab Toila kooli g\u00fcmnaasiumiosast | Eesti"},"content":{"rendered":"<p>J\u00f5hvi vald tahab oktoobrikuus J\u00f5hvi haridusv\u00f5rgu korrastamise raames v\u00f5tta vastu otsuse, mis saab Toila kooli g\u00fcmnaasiumiosast. Kooliaste on korra juba suletud, kuid lastevanemate vastuseisu t\u00f5ttu j\u00e4tkab see kohtuotsuse toel tegevust. Kool ootab oma tuleviku suhtes selgust.<\/p>\n<p>Eelmisel s\u00fcgisel toimunud Toila ja J\u00f5hvi \u00fchinemisel sai \u00fchendvald kaasa haridusprobleemi. Toila vallavolikogu otsustas Toila kooli g\u00fcmnaasiumiosa sulgeda, kuid lapsevanemad said valla \u00fcle kohtus v\u00f5idu ja g\u00fcmnaasium tegutseb edasi.<\/p>\n<p>Uus vallav\u00f5im peab otsustama, kas j\u00e4tkatakse g\u00fcmnaasiumiga v\u00f5i see suletakse, mis omakorda annaks v\u00f5imaluse ehitada riigi toel uus koolimaja.<\/p>\n<p>&#8220;Me teeme t\u00f6\u00f6d selle nimel, et see otsus tehtaks volikogu 29. oktoobri istungil. Selle nimel k\u00e4ib kogu ettevalmistus,&#8221; s\u00f5nas J\u00f5hvi abivallavanem Heidi Uustalu. &#8220;Mina ei tea j\u00e4llegi, missugune see otsus tuleb, aga otsus peab tulema, sest siis me p\u00fcsime ka graafikus, kui me oma sammudega selle koolimaja ehitamisel edasi l\u00e4heme,&#8221; j\u00e4tkas ta.<\/p>\n<p>Kuna g\u00fcmnaasiumi tulevik on ebaselge, \u00f5pib Toila kooli 10. klassis t\u00e4navu vaid seitse \u00f5pilast. Kooli \u00fcheksandas klassis \u00f5pib aga koguni 29 last.<\/p>\n<p>Toila g\u00fcmnaasiumi direktori Signe Ilmj\u00e4rve hinnangul on g\u00fcmnaasiumi\u00f5pilaste v\u00e4hesus tingitud ebam\u00e4\u00e4rasusest v\u00f5i teadmatusest tuleviku suhtes. &#8220;Ehkki neile \u00f5pilastele, kes 10. klassi astusid, on \u00f6eldud, et nad saavad meil g\u00fcmnaasiumi l\u00f5petada, on siiski tegemist olukorraga, kus Toila g\u00fcmnaasiumi p\u00fcsimaj\u00e4\u00e4mine ei ole veel p\u00e4ris kindel. See s\u00f5ltub sellest, mis otsuse teeb vallavolikogu,&#8221; selgitas ta.<\/p>\n<p>Ebakindlus ei puuduta direktori s\u00f5nul mitte ainult \u00f5pilasi, vaid ka m\u00f5ne \u00f5petajaga on s\u00f5lmitud \u00fcksnes aastane leping.<\/p>\n<p>J\u00f5hvi valla haridusv\u00f5rgu korrastamise anal\u00fc\u00fcsi k\u00e4igus saavad k\u00f5ik soovijad valla kodulehel k\u00fcsimustikku t\u00e4ites s\u00f5na sekka \u00f6elda selle n\u00e4dala l\u00f5puni.<\/p>\n","protected":false},"excerpt":{"rendered":"J\u00f5hvi vald tahab oktoobrikuus J\u00f5hvi haridusv\u00f5rgu korrastamise raames v\u00f5tta vastu otsuse, mis saab Toila kooli g\u00fcmnaasiumiosast. Kooliaste on&hellip;\n","protected":false},"author":2,"featured_media":269576,"comment_status":"","ping_status":"","sticky":false,"template":"","format":"standard","meta":{"footnotes":"","_share_on_mastodon":"0"},"categories":[5],"tags":[26,27,37,33,35,34,36,31,32,2819,21,6298,28,29,19,25,900,23,24,22,20,30,727],"class_list":["post-269575","post","type-post","status-publish","format-standard","has-post-thumbnail","category-uldised-uudised","tag-breaking-news","tag-breakingnews","tag-ee","tag-eesti","tag-eesti-keel","tag-estonia","tag-estonian","tag-featured-news","tag-featurednews","tag-gumnaasium","tag-headlines","tag-johvi","tag-latest-news","tag-latestnews","tag-news","tag-populaarseimad-lood","tag-toila","tag-top-stories","tag-topstories","tag-uldised-uudised","tag-uudised","tag-viimased-uudised","tag-volikogu"],"share_on_mastodon":{"url":"https:\/\/pubeurope.com\/@ee\/117222805498858634","error":""},"_links":{"self":[{"href":"https:\/\/www.europesays.com\/ee\/wp-json\/wp\/v2\/posts\/269575","targetHints":{"allow":["GET"]}}],"collection":[{"href":"https:\/\/www.europesays.com\/ee\/wp-json\/wp\/v2\/posts"}],"about":[{"href":"https:\/\/www.europesays.com\/ee\/wp-json\/wp\/v2\/types\/post"}],"author":[{"embeddable":true,"href":"https:\/\/www.europesays.com\/ee\/wp-json\/wp\/v2\/users\/2"}],"replies":[{"embeddable":true,"href":"https:\/\/www.europesays.com\/ee\/wp-json\/wp\/v2\/comments?post=269575"}],"version-history":[{"count":0,"href":"https:\/\/www.europesays.com\/ee\/wp-json\/wp\/v2\/posts\/269575\/revisions"}],"wp:featuredmedia":[{"embeddable":true,"href":"https:\/\/www.europesays.com\/ee\/wp-json\/wp\/v2\/media\/269576"}],"wp:attachment":[{"href":"https:\/\/www.europesays.com\/ee\/wp-json\/wp\/v2\/media?parent=269575"}],"wp:term":[{"taxonomy":"category","embeddable":true,"href":"https:\/\/www.europesays.com\/ee\/wp-json\/wp\/v2\/categories?post=269575"},{"taxonomy":"post_tag","embeddable":true,"href":"https:\/\/www.europesays.com\/ee\/wp-json\/wp\/v2\/tags?post=269575"}],"curies":[{"name":"wp","href":"https:\/\/api.w.org\/{rel}","templated":true}]}}