{"id":269579,"date":"2026-09-06T07:13:09","date_gmt":"2026-09-06T07:13:09","guid":{"rendered":"https:\/\/www.europesays.com\/ee\/269579\/"},"modified":"2026-09-06T07:13:09","modified_gmt":"2026-09-06T07:13:09","slug":"etv2-teemaohtu-on-puhendatud-vladislav-korzetsile-tele","status":"publish","type":"post","link":"https:\/\/www.europesays.com\/ee\/269579\/","title":{"rendered":"ETV2 teema\u00f5htu on p\u00fchendatud Vladislav Kor\u017eetsile | Tele"},"content":{"rendered":"<p>ETV2 p\u00fchap\u00e4evane teema\u00f5htu on p\u00fchendatud Vladislav Kor\u017eetsile, kes t\u00e4histab 9. septembril 75. s\u00fcnnip\u00e4eva.<\/p>\n<p>19.30 &#8220;Vladislav \u2013 matemaatik sule ja \u00f5ngega&#8221; (2021)<\/p>\n<p>Matemaatiku, saatejuhi, kirjaniku, humoristi, looduses\u00f5bra ja Eesti armastatuima kalamehe Vladislav Kor\u017eetsi s\u00fcnnip\u00e4eva puhul kohtusime vanameistriga tema erinevates rollides ja loomulikult k\u00e4isime ka koos kalal. Saatejuht, re\u017eiss\u00f6\u00f6r ja produtsent Kaidor Kahar, toimetaja Laura K\u00f5rvits.<\/p>\n<p>20.30 &#8220;Hetki minevikust. Vladislav Kor\u017eets&#8221; (2016) <\/p>\n<p>Hetked ETV arhiivist, kus peategelaseks Vladislav Kor\u017eets.<\/p>\n<p>20.45 &#8220;Naeroobika&#8221; (1986)<\/p>\n<p>Arkadi Haiti, Mihhail Mi\u0161ini, Igor Irtenjevi, Joan Millsi, Feliks Kamovi, Juri Aleksandrovi, Lion Izmailovi, Nasrullo Asadullovi ja Eduard Uspenski lugusid Priit Aimla t\u00f5lkes ning instseneeringus. Esitavad n\u00e4itlejad Eino Baskin, T\u00f5nu Aav, Aarne \u00dcksk\u00fcla, Helle-Reet Helenurm, T\u00f5nu Kilgas, Paul Poom, Guido Kangur, Eero Spriit. Enda lugusid esitavad autorid Lembit Sibul ja Vladislav Kor\u017eets.<\/p>\n<p>22.05 &#8220;Kahek\u00f5ne. Vladislav Kor\u017eets&#8221; (2016)<\/p>\n<p>Kahek\u00f5ne vaatab ette ja taha. Otsitakse vastuseid k\u00fcsimustele, mis toimuma v\u00f5i juhtuma hakkab!<\/p>\n<p>22.35 &#8220;Osoon: Kor\u017eetsi l\u00f5pusaade&#8221; (2017) <\/p>\n<p>K\u00fcmne aasta jooksul on Vladislav Kor\u017eets oma elutarkuse, positiivse ellusuhtumise ja vaheda s\u00f5naga nakatanud loodusepisikuga tuhandeid vaatajaid. Nagu kalahuvilisele loodussaate juhile kohane, paneb ta oma telekarj\u00e4\u00e4rile punkti Viitina j\u00e4rve kuuritsap\u00fc\u00fcgi s\u00f5ul. Traditsioonilisest kuuritsap\u00fc\u00fcgi v\u00f5istlusest v\u00f5tavad osa Vladislav Kor\u017eets, Kristo Elias, Sander Loite ja &#8220;kotipoiss&#8221; Mari Kalkun. Re\u017eiss\u00f6\u00f6r Keiti V\u00e4liste, operaator Magnus Suitso, helire\u017eiss\u00f6\u00f6r J\u00fcri Vaher, toimetaja-produtsent \u00d5ie Arusoo.<\/p>\n<p>01.05 &#8220;Jah! Show&#8221; (1993)<\/p>\n<p>Meelelahutuslik saade trikimeistrite, tantsut\u00fcdrukute, Hardi Tiiduse, Vladislav Kor\u017eetsi, Justamendi ja stuudiopublikuga. Saatejuht Vahur Kersna.<\/p>\n","protected":false},"excerpt":{"rendered":"ETV2 p\u00fchap\u00e4evane teema\u00f5htu on p\u00fchendatud Vladislav Kor\u017eetsile, kes t\u00e4histab 9. septembril 75. s\u00fcnnip\u00e4eva. 19.30 &#8220;Vladislav \u2013 matemaatik sule&hellip;\n","protected":false},"author":2,"featured_media":269580,"comment_status":"","ping_status":"","sticky":false,"template":"","format":"standard","meta":{"footnotes":"","_share_on_mastodon":"0"},"categories":[85],"tags":[37,33,35,173,34,36,5228,140,222,92427],"class_list":["post-269579","post","type-post","status-publish","format-standard","has-post-thumbnail","category-tv","tag-ee","tag-eesti","tag-eesti-keel","tag-entertainment","tag-estonia","tag-estonian","tag-etv2-teemaohtu","tag-meelelahutus","tag-tv","tag-vladislav-korzets"],"share_on_mastodon":{"url":"https:\/\/pubeurope.com\/@ee\/117222860951691849","error":""},"_links":{"self":[{"href":"https:\/\/www.europesays.com\/ee\/wp-json\/wp\/v2\/posts\/269579","targetHints":{"allow":["GET"]}}],"collection":[{"href":"https:\/\/www.europesays.com\/ee\/wp-json\/wp\/v2\/posts"}],"about":[{"href":"https:\/\/www.europesays.com\/ee\/wp-json\/wp\/v2\/types\/post"}],"author":[{"embeddable":true,"href":"https:\/\/www.europesays.com\/ee\/wp-json\/wp\/v2\/users\/2"}],"replies":[{"embeddable":true,"href":"https:\/\/www.europesays.com\/ee\/wp-json\/wp\/v2\/comments?post=269579"}],"version-history":[{"count":0,"href":"https:\/\/www.europesays.com\/ee\/wp-json\/wp\/v2\/posts\/269579\/revisions"}],"wp:featuredmedia":[{"embeddable":true,"href":"https:\/\/www.europesays.com\/ee\/wp-json\/wp\/v2\/media\/269580"}],"wp:attachment":[{"href":"https:\/\/www.europesays.com\/ee\/wp-json\/wp\/v2\/media?parent=269579"}],"wp:term":[{"taxonomy":"category","embeddable":true,"href":"https:\/\/www.europesays.com\/ee\/wp-json\/wp\/v2\/categories?post=269579"},{"taxonomy":"post_tag","embeddable":true,"href":"https:\/\/www.europesays.com\/ee\/wp-json\/wp\/v2\/tags?post=269579"}],"curies":[{"name":"wp","href":"https:\/\/api.w.org\/{rel}","templated":true}]}}