{"id":269583,"date":"2026-09-06T07:20:22","date_gmt":"2026-09-06T07:20:22","guid":{"rendered":"https:\/\/www.europesays.com\/ee\/269583\/"},"modified":"2026-09-06T07:20:22","modified_gmt":"2026-09-06T07:20:22","slug":"kabi-ei-kuku-ilma-ja-aivo-adamson-vikerraadio","status":"publish","type":"post","link":"https:\/\/www.europesays.com\/ee\/269583\/","title":{"rendered":"K\u00e4bi ei kuku&#8230; Ilma ja Aivo Adamson | Vikerraadio"},"content":{"rendered":"<p><img decoding=\"async\" src=\"https:\/\/www.europesays.com\/ee\/wp-content\/uploads\/2026\/09\/3795679ha467t72.jpg\" alt=\"\"\/><\/p>\n<p>Ilma ja Aivo Adamson Autor\/allikas: Sten Teppan\/ERR\t\t\t\t<\/p>\n<p>&#8220;Peod juba k\u00e4isid Vasalemma m\u00f5isas. Vene s\u00f5durid tulid t\u00fcdrukuid tantsima v\u00f5tma ja \u00fcks tuli minu ette. Mina ei l\u00e4inud, ei teinud v\u00e4lja ka. Viskas mulle kopikaid, aga eks meie poisid n\u00e4gid seda k\u00f5rvalt ja andsid talle tuupi,&#8221; viib Ilma Adamson meid oma neiup\u00f5lveaastatesse, kui suur s\u00f5da oli l\u00f5ppenud. <br \/>Ehkki n\u00e4htud oli palju \u00f5udusi, ajasid noored ikka oma asja. &#8220;Isal oli hirm ja \u00fctles emale: sa lased t\u00fcdrukul k\u00e4ia, tuleb \u00fckskord p\u00f5llealune t\u00e4is\u2026&#8221;.<\/p>\n<p>Ullo Toomi k\u00e4e all tantsinud ja tantsu\u00f5petajaks saanud Ilma on praeguseks 92-aastane. Tal on poeg Aivo, kes s\u00fcndis siiski palju aastaid hiljem. Aivo on tippjuhina seotud olnud nii avaliku sektori kui ka eraettev\u00f5tlusega, viimastel aastatel ajab Alexela asju L\u00e4tis.<\/p>\n<p>Ilma ja Aivo Adamson jagavad lugusid lapsep\u00f5lvest ja koos kasvamisest Vikerraadios p\u00fchap\u00e4eval kell 10.10, k\u00fclalistega vestleb Sten Teppan.<\/p>\n","protected":false},"excerpt":{"rendered":"Ilma ja Aivo Adamson Autor\/allikas: Sten Teppan\/ERR &#8220;Peod juba k\u00e4isid Vasalemma m\u00f5isas. Vene s\u00f5durid tulid t\u00fcdrukuid tantsima v\u00f5tma&hellip;\n","protected":false},"author":2,"featured_media":269584,"comment_status":"","ping_status":"","sticky":false,"template":"","format":"standard","meta":{"footnotes":"","_share_on_mastodon":"0"},"categories":[12],"tags":[26,27,37,33,35,34,36,31,32,21,28,29,19,25,23,24,22,20,30],"class_list":["post-269583","post","type-post","status-publish","format-standard","has-post-thumbnail","category-eesti","tag-breaking-news","tag-breakingnews","tag-ee","tag-eesti","tag-eesti-keel","tag-estonia","tag-estonian","tag-featured-news","tag-featurednews","tag-headlines","tag-latest-news","tag-latestnews","tag-news","tag-populaarseimad-lood","tag-top-stories","tag-topstories","tag-uldised-uudised","tag-uudised","tag-viimased-uudised"],"share_on_mastodon":{"url":"https:\/\/pubeurope.com\/@ee\/117222888636868332","error":""},"_links":{"self":[{"href":"https:\/\/www.europesays.com\/ee\/wp-json\/wp\/v2\/posts\/269583","targetHints":{"allow":["GET"]}}],"collection":[{"href":"https:\/\/www.europesays.com\/ee\/wp-json\/wp\/v2\/posts"}],"about":[{"href":"https:\/\/www.europesays.com\/ee\/wp-json\/wp\/v2\/types\/post"}],"author":[{"embeddable":true,"href":"https:\/\/www.europesays.com\/ee\/wp-json\/wp\/v2\/users\/2"}],"replies":[{"embeddable":true,"href":"https:\/\/www.europesays.com\/ee\/wp-json\/wp\/v2\/comments?post=269583"}],"version-history":[{"count":0,"href":"https:\/\/www.europesays.com\/ee\/wp-json\/wp\/v2\/posts\/269583\/revisions"}],"wp:featuredmedia":[{"embeddable":true,"href":"https:\/\/www.europesays.com\/ee\/wp-json\/wp\/v2\/media\/269584"}],"wp:attachment":[{"href":"https:\/\/www.europesays.com\/ee\/wp-json\/wp\/v2\/media?parent=269583"}],"wp:term":[{"taxonomy":"category","embeddable":true,"href":"https:\/\/www.europesays.com\/ee\/wp-json\/wp\/v2\/categories?post=269583"},{"taxonomy":"post_tag","embeddable":true,"href":"https:\/\/www.europesays.com\/ee\/wp-json\/wp\/v2\/tags?post=269583"}],"curies":[{"name":"wp","href":"https:\/\/api.w.org\/{rel}","templated":true}]}}