{"id":269585,"date":"2026-09-06T07:21:34","date_gmt":"2026-09-06T07:21:34","guid":{"rendered":"https:\/\/www.europesays.com\/ee\/269585\/"},"modified":"2026-09-06T07:21:34","modified_gmt":"2026-09-06T07:21:34","slug":"eesti-rannavorkpallipaar-voitis-u20-em-il-alagrupi","status":"publish","type":"post","link":"https:\/\/www.europesays.com\/ee\/269585\/","title":{"rendered":"Eesti rannav\u00f5rkpallipaar v\u00f5itis U20 EM-il alagrupi"},"content":{"rendered":"<p>Kender ja Parij\u00f5gi (15. asetus) j\u00e4id B-alagrupis alistamatuks, kui v\u00f5tsid lisaks neljap\u00e4evasele 2:0 v\u00f5idule reedel veel kaks veenvat v\u00f5itu. 2:0 (21:10, 21:15) j\u00e4\u00e4di peale itaallaste Riccardo Santomassimo ja Simone Bertoncello (31. asetus) vastu m\u00e4ngides ning alagrupi v\u00f5it vormistati kolmanda 2:0 (21:14, 21:12) v\u00f5iduga taanlaste Asger Egelund Due ja Storm Lui Geneti (2. asetus) \u00fcle, teatab Volley.ee.<\/p>\n<p>Alagrupi v\u00f5iduga tagasid Eesti noormehed EM-il koha 16 parema seas, kust asuvad veerandfinaali kohta p\u00fc\u00fcdma laup\u00e4eval.<\/p>\n<p>Ploomipuu ja Hanim\u00e4gi (23. asetus) l\u00f5petasid neidude turniiri G-alagrupis 3. kohal ning j\u00e4tkavad v\u00f5istlust 24 parema paari seas. Neljap\u00e4eval kahe kaotusega leppinud Eesti neiud avasid reedel v\u00f5iduarve, olles 2:0 (21:5, 21:13) paremad Taani eakaaslastest Mila Razdorov Ly\u00f8st ja Clara Bang Skovsgaardist (26. asetus).<\/p>\n<p>24 parema seas l\u00e4ksid Ploomipuu ja Hanim\u00e4gi laup\u00e4eva hommikul vastamisi Saksamaa paari Sandra Otte ja Annalena Richteriga (9. asetus), kes alistati 2:0 (21:16, 21:16). Kaheksandikfinaalis on nende vastaseks hollandlannad Esmee Radstake ja Jill de Groot.<\/p>\n<p>Kuidas see lugu Sind end tundma pani?Saada<a href=\"https:\/\/sport.delfi.ee\/artikkel\/120608598\/eesti-rannavorkpallipaar-voitis-u20-em-il-alagrupi\/kommentaarid\" class=\"button button--primary button--size-auto article-body-bottom__comment article-body-bottom__comment--write\" style=\"\" rel=\"nofollow noopener\" target=\"_blank\">Kommenteeri<\/a><a href=\"https:\/\/sport.delfi.ee\/artikkel\/120608598\/eesti-rannavorkpallipaar-voitis-u20-em-il-alagrupi\/kommentaarid\" class=\"button button--size-auto article-body-bottom__comment article-body-bottom__comment--read\" style=\"\" rel=\"nofollow noopener\" target=\"_blank\">Loe kommentaare <\/a><\/p>\n","protected":false},"excerpt":{"rendered":"Kender ja Parij\u00f5gi (15. asetus) j\u00e4id B-alagrupis alistamatuks, kui v\u00f5tsid lisaks neljap\u00e4evasele 2:0 v\u00f5idule reedel veel kaks veenvat&hellip;\n","protected":false},"author":2,"featured_media":269586,"comment_status":"","ping_status":"","sticky":false,"template":"","format":"standard","meta":{"footnotes":"","_share_on_mastodon":"0"},"categories":[5],"tags":[26,27,37,33,35,34,36,31,32,21,28,29,19,25,5614,23,24,22,20,30],"class_list":["post-269585","post","type-post","status-publish","format-standard","has-post-thumbnail","category-uldised-uudised","tag-breaking-news","tag-breakingnews","tag-ee","tag-eesti","tag-eesti-keel","tag-estonia","tag-estonian","tag-featured-news","tag-featurednews","tag-headlines","tag-latest-news","tag-latestnews","tag-news","tag-populaarseimad-lood","tag-rannavorkpall","tag-top-stories","tag-topstories","tag-uldised-uudised","tag-uudised","tag-viimased-uudised"],"share_on_mastodon":{"url":"https:\/\/pubeurope.com\/@ee\/117222892005879559","error":""},"_links":{"self":[{"href":"https:\/\/www.europesays.com\/ee\/wp-json\/wp\/v2\/posts\/269585","targetHints":{"allow":["GET"]}}],"collection":[{"href":"https:\/\/www.europesays.com\/ee\/wp-json\/wp\/v2\/posts"}],"about":[{"href":"https:\/\/www.europesays.com\/ee\/wp-json\/wp\/v2\/types\/post"}],"author":[{"embeddable":true,"href":"https:\/\/www.europesays.com\/ee\/wp-json\/wp\/v2\/users\/2"}],"replies":[{"embeddable":true,"href":"https:\/\/www.europesays.com\/ee\/wp-json\/wp\/v2\/comments?post=269585"}],"version-history":[{"count":0,"href":"https:\/\/www.europesays.com\/ee\/wp-json\/wp\/v2\/posts\/269585\/revisions"}],"wp:featuredmedia":[{"embeddable":true,"href":"https:\/\/www.europesays.com\/ee\/wp-json\/wp\/v2\/media\/269586"}],"wp:attachment":[{"href":"https:\/\/www.europesays.com\/ee\/wp-json\/wp\/v2\/media?parent=269585"}],"wp:term":[{"taxonomy":"category","embeddable":true,"href":"https:\/\/www.europesays.com\/ee\/wp-json\/wp\/v2\/categories?post=269585"},{"taxonomy":"post_tag","embeddable":true,"href":"https:\/\/www.europesays.com\/ee\/wp-json\/wp\/v2\/tags?post=269585"}],"curies":[{"name":"wp","href":"https:\/\/api.w.org\/{rel}","templated":true}]}}