{"id":269587,"date":"2026-09-06T07:29:43","date_gmt":"2026-09-06T07:29:43","guid":{"rendered":"https:\/\/www.europesays.com\/ee\/269587\/"},"modified":"2026-09-06T07:29:43","modified_gmt":"2026-09-06T07:29:43","slug":"majandus-ilma-eestluseta-havitab-rahvusriigi","status":"publish","type":"post","link":"https:\/\/www.europesays.com\/ee\/269587\/","title":{"rendered":"Majandus ilma eestluseta h\u00e4vitab rahvusriigi"},"content":{"rendered":"<p>Ain Hanschmidt esitas T\u00f6\u00f6andjate Keskliidu manifesti vaimus <a href=\"https:\/\/www.err.ee\/1610127844\/ain-hanschmidt-eesti-peaks-majanduskeskkonna-loomisel-usa-st-eeskuju-votma\" target=\"_blank\" rel=\"noopener nofollow\">m\u00f5istliku ettepaneku<\/a>: v\u00f5tame majanduskeskkonna loomisel eeskuju Texast, v\u00e4hendame regulatsioone, langetame maksukoormust ja t\u00f5stame tootlikkust. Paljudele tundub see meeldivana v\u00f5rreldes praeguse pooletoobiste ideoloogilise m\u00e4ratsushooga, l\u00f5putu b\u00fcrokraatia, \u201chomokliima\u201d ja roheliste usufanaatikute diktaadiga. Ometi peitub siingi ohtlik eksitus.<\/p>\n<p>Isegi kui majanduslikult ratsionaalne l\u00e4henemine on praegusest oluliselt m\u00f5istlikum, ei asenda see kunagi rahvusriigi p\u00f5hieesm\u00e4rki. Eesti Vabariigi p\u00f5hiseaduse preambula ei r\u00e4\u00e4gi SKP kasvust ega investorite rasvasest rahulolust. Seal on kirjas eesti rahva ja kultuuri s\u00e4ilitamine l\u00e4bi aegade. See on meie riigi alus, mitte k\u00f5rvalm\u00e4rkus.<\/p>\n<p>Kui eesm\u00e4rgiks saab puhas majanduslik kasu \u2013 olgu see siis Texase v\u00f5i Br\u00fcsseli mudeli j\u00e4rgi \u2013, siis l\u00f5puks saamegi ainult majanduskasu. Rahvas taandub ressursiks, mida saab asendada odavama t\u00f6\u00f6j\u00f5uga, rahvusriik muutub lihtsalt turuks. Tulemus ei erine sisuliselt kommunismist ega t\u00e4nap\u00e4evasest globalismist. \u00dched tahtsid \u201cteaduslikku\u201d majandust ja h\u00e4vitasid rahvused, teised tahavad \u201cefektiivset\u201d majandust ja teevad sama asja natuke viisakamalt.<\/p>\n<p>Just seep\u00e4rast on ohtlik uskuda, et \u201cm\u00f5istlikud ettev\u00f5tjad\u201d p\u00e4\u00e4stavad meid, kui nad ei tunnusta rahvuslikku raamistikku. Kavala Antsu p\u00f5hjata riigikaitsek\u00fcbar, kus julgeolekut kasutatakse vaid ettek\u00e4\u00e4ndena uute maksude ja uute varguste toimepanemiseks, ei muutu paremaks sellest, et neile lisandub efektiivne maksurahu. L\u00f5ppkokkuv\u00f5ttes teenindavad m\u00f5lemad sama ideoloogiat: rahvusriik on vana ja takistav, inimene on tarbija ning riik on suurettev\u00f5tete ja Br\u00fcsseli halduspiirkond.<\/p>\n<p>Eesti ei saa olla ei vasakliberaalne labor ega ka k\u00fclmalt kalkuleeriv kasumimasin. Ilma rahvusliku kompassita viib iga \u201cm\u00f5istlik\u201d tee samasse kohta \u2013 rahva vahetumise, keele taandumise ja riigi t\u00e4hendusetuks muutumiseni. Majanduskasv on vajalik, kuid see peab olema vahend, mitte eesm\u00e4rk. Vahend eesti pere, eesti keele, eesti talu ja eesti riigi s\u00e4ilimiseks.<\/p>\n<p>T\u00f5eline konservatiivne majanduspoliitika ei alga Texase imetlemisest, vaid vastusest k\u00fcsimusele: kelle huve majandus \u00fcldse peaks teenima? Vastus on lihtne \u2013 k\u00f5ik, mis meil toimub, peab tooma kasu eesti rahvale ja t\u00f6\u00f6tama eesti rahva heaolu suurendamiseks. K\u00f5ik muu on l\u00e4bir\u00e4\u00e4kimiste objekt. Ent ilma rahvusluseta on ka parim majandusmudel rahvusriigi matusemuusika.<\/p>\n<p>\u00a0<\/p>\n<p>Sven Sildnik,<\/p>\n<p>Sisepaguluses 04.09.2026<\/p>\n","protected":false},"excerpt":{"rendered":"Ain Hanschmidt esitas T\u00f6\u00f6andjate Keskliidu manifesti vaimus m\u00f5istliku ettepaneku: v\u00f5tame majanduskeskkonna loomisel eeskuju Texast, v\u00e4hendame regulatsioone, langetame maksukoormust&hellip;\n","protected":false},"author":2,"featured_media":269588,"comment_status":"","ping_status":"","sticky":false,"template":"","format":"standard","meta":{"footnotes":"","_share_on_mastodon":"0"},"categories":[14],"tags":[131,130,37,33,35,34,36],"class_list":["post-269587","post","type-post","status-publish","format-standard","has-post-thumbnail","category-ari","tag-ari","tag-business","tag-ee","tag-eesti","tag-eesti-keel","tag-estonia","tag-estonian"],"share_on_mastodon":{"url":"https:\/\/pubeurope.com\/@ee\/117222923675577588","error":""},"_links":{"self":[{"href":"https:\/\/www.europesays.com\/ee\/wp-json\/wp\/v2\/posts\/269587","targetHints":{"allow":["GET"]}}],"collection":[{"href":"https:\/\/www.europesays.com\/ee\/wp-json\/wp\/v2\/posts"}],"about":[{"href":"https:\/\/www.europesays.com\/ee\/wp-json\/wp\/v2\/types\/post"}],"author":[{"embeddable":true,"href":"https:\/\/www.europesays.com\/ee\/wp-json\/wp\/v2\/users\/2"}],"replies":[{"embeddable":true,"href":"https:\/\/www.europesays.com\/ee\/wp-json\/wp\/v2\/comments?post=269587"}],"version-history":[{"count":0,"href":"https:\/\/www.europesays.com\/ee\/wp-json\/wp\/v2\/posts\/269587\/revisions"}],"wp:featuredmedia":[{"embeddable":true,"href":"https:\/\/www.europesays.com\/ee\/wp-json\/wp\/v2\/media\/269588"}],"wp:attachment":[{"href":"https:\/\/www.europesays.com\/ee\/wp-json\/wp\/v2\/media?parent=269587"}],"wp:term":[{"taxonomy":"category","embeddable":true,"href":"https:\/\/www.europesays.com\/ee\/wp-json\/wp\/v2\/categories?post=269587"},{"taxonomy":"post_tag","embeddable":true,"href":"https:\/\/www.europesays.com\/ee\/wp-json\/wp\/v2\/tags?post=269587"}],"curies":[{"name":"wp","href":"https:\/\/api.w.org\/{rel}","templated":true}]}}