{"id":269589,"date":"2026-09-06T07:31:10","date_gmt":"2026-09-06T07:31:10","guid":{"rendered":"https:\/\/www.europesays.com\/ee\/269589\/"},"modified":"2026-09-06T07:31:10","modified_gmt":"2026-09-06T07:31:10","slug":"eestlased-loovad-kaasa-lati-suurimal-riigikaitse-oppusel-merilo-uhine-valmisolek-on-elulise-tahtsusega","status":"publish","type":"post","link":"https:\/\/www.europesays.com\/ee\/269589\/","title":{"rendered":"Eestlased l\u00f6\u00f6vad kaasa L\u00e4ti suurimal riigikaitse \u00f5ppusel. Merilo: \u00fchine valmisolek on elulise t\u00e4htsusega"},"content":{"rendered":"<p>Merilo r\u00f5hutas Namejs\u2019i laadsete laiapindsete \u00f5ppuste olulisust valmisoleku tagamise juures. <\/p>\n<p>\u201eMinu hinnangul ei n\u00e4ita julgeolekuolukord meie piirkonnas paranemise m\u00e4rke. Venemaa j\u00e4tkuv agressioon Ukrainas ja erinevad h\u00fcbriidtegevused ning -r\u00fcnnakud ilmestavad seda teravalt. Koost\u00f6\u00f6 naabritega ja \u00fchine valmisolek on sellises keskkonnas elulise t\u00e4htsusega ning peab kinnitama meie valmidust igasugustele v\u00f5imalikele ohtudele reageerida,\u201c \u00fctles kindralleitnant.<\/p>\n<p>Koos \u00f5ppust v\u00e4isanud L\u00e4ti presidendi Edgars Rink\u0113vi\u010dsiga sai kindralleitnant Merilo \u00f5ppuse juhtstaabis \u00fclevaate Namejs\u2019i tegevustest ja hetkeseisust. Lisaks tutvus ta koos L\u00e4ti kaitsev\u00e4e juhatajaga L\u00e4ti-Venemaa piiri kindlustustegevustega ja kohtus \u00f5ppusel osaleva L\u00e4ti maakaitse (Zemessardze) 31. pataljoni \u00fcksustega.<\/p>\n<p>Namejs on L\u00e4ti kaitsej\u00f5udude jaoks \u00fcheks aasta suurimaks \u00f5ppuseks. Koost\u00f6\u00f6s NATO P\u00f5hjadiviisiga korraldatud laiapindse <a rel=\"noopener nofollow\" target=\"_blank\" href=\"https:\/\/www.delfi.ee\/teema\/96849734\/riigikaitse-1\" tag-id=\"96849734\">riigikaitse<\/a> \u00f5ppusel osaleb ligi 12 000 v\u00f5itlejat L\u00e4ti kaitsej\u00f5ududest ja liitlasriikidest, sealhulgas Eestist. \u00d5ppusele on kaasatud ka erinevad L\u00e4ti riiklikud- ja tsiviilinstitutsioonid. \u00d5ppus Namejs algas 2. septembril ning kestab 8. oktoobrini.<\/p>\n<p>Kuidas see lugu Sind end tundma pani?Saada<a href=\"https:\/\/www.delfi.ee\/artikkel\/120608661\/eestlased-loovad-kaasa-lati-suurimal-riigikaitse-oppusel-merilo-uhine-valmisolek-on-elulise-tahtsusega\/kommentaarid\" class=\"button button--primary button--size-auto article-body-bottom__comment article-body-bottom__comment--write\" style=\"\" rel=\"nofollow noopener\" target=\"_blank\">Kommenteeri<\/a><a href=\"https:\/\/www.delfi.ee\/artikkel\/120608661\/eestlased-loovad-kaasa-lati-suurimal-riigikaitse-oppusel-merilo-uhine-valmisolek-on-elulise-tahtsusega\/kommentaarid\" class=\"button button--size-auto article-body-bottom__comment article-body-bottom__comment--read\" style=\"\" rel=\"nofollow noopener\" target=\"_blank\">Loe kommentaare (1)<\/a><\/p>\n","protected":false},"excerpt":{"rendered":"Merilo r\u00f5hutas Namejs\u2019i laadsete laiapindsete \u00f5ppuste olulisust valmisoleku tagamise juures. \u201eMinu hinnangul ei n\u00e4ita julgeolekuolukord meie piirkonnas paranemise&hellip;\n","protected":false},"author":2,"featured_media":269590,"comment_status":"","ping_status":"","sticky":false,"template":"","format":"standard","meta":{"footnotes":"","_share_on_mastodon":"0"},"categories":[12],"tags":[2646,26,27,37,33,35,34,36,31,32,21,28,29,114,19,25,4624,23,24,22,20,30],"class_list":["post-269589","post","type-post","status-publish","format-standard","has-post-thumbnail","category-eesti","tag-andrus-merilo","tag-breaking-news","tag-breakingnews","tag-ee","tag-eesti","tag-eesti-keel","tag-estonia","tag-estonian","tag-featured-news","tag-featurednews","tag-headlines","tag-latest-news","tag-latestnews","tag-lati","tag-news","tag-populaarseimad-lood","tag-riigikaitse","tag-top-stories","tag-topstories","tag-uldised-uudised","tag-uudised","tag-viimased-uudised"],"share_on_mastodon":{"url":"https:\/\/pubeurope.com\/@ee\/117222931509269443","error":""},"_links":{"self":[{"href":"https:\/\/www.europesays.com\/ee\/wp-json\/wp\/v2\/posts\/269589","targetHints":{"allow":["GET"]}}],"collection":[{"href":"https:\/\/www.europesays.com\/ee\/wp-json\/wp\/v2\/posts"}],"about":[{"href":"https:\/\/www.europesays.com\/ee\/wp-json\/wp\/v2\/types\/post"}],"author":[{"embeddable":true,"href":"https:\/\/www.europesays.com\/ee\/wp-json\/wp\/v2\/users\/2"}],"replies":[{"embeddable":true,"href":"https:\/\/www.europesays.com\/ee\/wp-json\/wp\/v2\/comments?post=269589"}],"version-history":[{"count":0,"href":"https:\/\/www.europesays.com\/ee\/wp-json\/wp\/v2\/posts\/269589\/revisions"}],"wp:featuredmedia":[{"embeddable":true,"href":"https:\/\/www.europesays.com\/ee\/wp-json\/wp\/v2\/media\/269590"}],"wp:attachment":[{"href":"https:\/\/www.europesays.com\/ee\/wp-json\/wp\/v2\/media?parent=269589"}],"wp:term":[{"taxonomy":"category","embeddable":true,"href":"https:\/\/www.europesays.com\/ee\/wp-json\/wp\/v2\/categories?post=269589"},{"taxonomy":"post_tag","embeddable":true,"href":"https:\/\/www.europesays.com\/ee\/wp-json\/wp\/v2\/tags?post=269589"}],"curies":[{"name":"wp","href":"https:\/\/api.w.org\/{rel}","templated":true}]}}